{"id":5836,"date":"2023-04-28T09:13:11","date_gmt":"2023-04-28T14:13:11","guid":{"rendered":"https:\/\/anatem.info\/?p=5836"},"modified":"2023-04-28T09:13:11","modified_gmt":"2023-04-28T14:13:11","slug":"la-sierra-leone-reaffirme-son-soutien-constant-a-la-marocanite-du-sahara-et-salue-linitiative-dautonomie-comme-seule-base-de-solution","status":"publish","type":"post","link":"http:\/\/anatem.info\/?p=5836","title":{"rendered":"La Sierra Leone r\u00e9affirme son soutien constant \u00e0 la marocanit\u00e9 du Sahara et salue l\u2019initiative d\u2019autonomie comme seule base de solution"},"content":{"rendered":"\n<p>Dakhla, le 28 avril 2023 (MAP) \u2013 La Sierra Leone a r\u00e9affirm\u00e9, vendredi, son soutien ferme et constant \u00e0 l\u2019int\u00e9grit\u00e9 territoriale du Royaume du Maroc et \u00e0 la marocanit\u00e9 de son Sahara, saluant la cr\u00e9dibilit\u00e9 et la pr\u00e9\u00e9minence de l\u2019initiative marocaine d\u2019autonomie en tant que seule base pour le r\u00e8glement de ce dossier.<\/p>\n\n\n\n<p>Cette position a \u00e9t\u00e9 r\u00e9it\u00e9r\u00e9e dans le communiqu\u00e9 conjoint publi\u00e9 \u00e0 l\u2019issue de la 3\u00e8me session de la commission mixte de coop\u00e9ration entre le Royaume du Maroc et la R\u00e9publique de la Sierra Leone, tenue \u00e0 Dakhla sous la pr\u00e9sidence du ministre des Affaires \u00e9trang\u00e8res, de la Coop\u00e9ration africaine et des Marocains r\u00e9sidant \u00e0 l\u2019\u00e9tranger, Nasser Bourita et du ministre sierra-l\u00e9onais des affaires \u00e9trang\u00e8res et de la coop\u00e9ration internationale, David J. Francis.<\/p>\n\n\n\n<p>Selon le communiqu\u00e9, la Sierra Leone r\u00e9it\u00e8re \u00e9galement son plein soutien au r\u00f4le jou\u00e9 par les Nations Unies comme cadre exclusif et consensuel pour parvenir \u00e0 une solution d\u00e9finitive \u00e0 ce conflit r\u00e9gional, ainsi qu\u2019\u00e0 la d\u00e9cision 693 de l\u2019Union Africaine, adopt\u00e9e lors du 31\u00e8me sommet tenu en juillet 2018, qui appuie officiellement le processus onusien \u00e0 ce sujet.<\/p>\n\n\n\n<p>La Sierra Leone salue, en outre, la dynamique de la reconnaissance internationale de l\u2019unit\u00e9 et de l\u2019int\u00e9grit\u00e9 territoriale du Royaume du Maroc, \u00e0 laquelle elle a volontairement adh\u00e9r\u00e9 \u00e0 travers l\u2019ouverture d\u2019un consulat g\u00e9n\u00e9ral \u00e0 Dakhla en ao\u00fbt 2021.<\/p>\n","protected":false},"excerpt":{"rendered":"<p>Dakhla, le 28 avril 2023 (MAP) \u2013 La Sierra Leone a r\u00e9affirm\u00e9, vendredi, son soutien ferme et constant \u00e0 l\u2019int\u00e9grit\u00e9<\/p>\n","protected":false},"author":2,"featured_media":4205,"comment_status":"closed","ping_status":"closed","sticky":false,"template":"","format":"standard","meta":{"footnotes":""},"categories":[3,8],"tags":[],"class_list":["post-5836","post","type-post","status-publish","format-standard","has-post-thumbnail","hentry","category-accueil","category-provinces-du-sud"],"_links":{"self":[{"href":"http:\/\/anatem.info\/index.php?rest_route=\/wp\/v2\/posts\/5836","targetHints":{"allow":["GET"]}}],"collection":[{"href":"http:\/\/anatem.info\/index.php?rest_route=\/wp\/v2\/posts"}],"about":[{"href":"http:\/\/anatem.info\/index.php?rest_route=\/wp\/v2\/types\/post"}],"author":[{"embeddable":true,"href":"http:\/\/anatem.info\/index.php?rest_route=\/wp\/v2\/users\/2"}],"replies":[{"embeddable":true,"href":"http:\/\/anatem.info\/index.php?rest_route=%2Fwp%2Fv2%2Fcomments&post=5836"}],"version-history":[{"count":1,"href":"http:\/\/anatem.info\/index.php?rest_route=\/wp\/v2\/posts\/5836\/revisions"}],"predecessor-version":[{"id":5837,"href":"http:\/\/anatem.info\/index.php?rest_route=\/wp\/v2\/posts\/5836\/revisions\/5837"}],"wp:featuredmedia":[{"embeddable":true,"href":"http:\/\/anatem.info\/index.php?rest_route=\/wp\/v2\/media\/4205"}],"wp:attachment":[{"href":"http:\/\/anatem.info\/index.php?rest_route=%2Fwp%2Fv2%2Fmedia&parent=5836"}],"wp:term":[{"taxonomy":"category","embeddable":true,"href":"http:\/\/anatem.info\/index.php?rest_route=%2Fwp%2Fv2%2Fcategories&post=5836"},{"taxonomy":"post_tag","embeddable":true,"href":"http:\/\/anatem.info\/index.php?rest_route=%2Fwp%2Fv2%2Ftags&post=5836"}],"curies":[{"name":"wp","href":"https:\/\/api.w.org\/{rel}","templated":true}]}}