{"id":6197,"date":"2023-11-05T11:11:55","date_gmt":"2023-11-05T16:11:55","guid":{"rendered":"https:\/\/anatem.info\/?p=6197"},"modified":"2023-11-05T11:15:30","modified_gmt":"2023-11-05T16:15:30","slug":"une-grande-marche-a-laayoune-pour-denoncer-lattaque-terroriste-abjecte-contre-les-civils-a-es-semara","status":"publish","type":"post","link":"http:\/\/anatem.info\/?p=6197","title":{"rendered":"Une grande marche \u00e0 La\u00e2youne pour d\u00e9noncer \u201cl\u2019attaque terroriste abjecte\u201d contre les civils \u00e0 Es-Semara"},"content":{"rendered":"\n<p>La\u00e2youne , le 5 novembre 2023 (MAP) \u2013 Une grande marche a \u00e9t\u00e9 organis\u00e9e, ce 5 novembre 2023, \u00e0 La\u00e2youne, pour d\u00e9noncer \u201cl\u2019attaque terroriste abjecte\u201d perp\u00e9tr\u00e9e contre les civils dans la ville d\u2019Es-Semara, la Capitale spirituelle des Provinces du Sud du Royaume.<\/p>\n\n\n\n<p>Lors de cette marche, les participants, men\u00e9s par les Chioukhs, les notables et les \u00e9lus locaux, ont condamn\u00e9 vigoureusement cette attaque, la qualifiant \u201c<em>d\u2019acte terroriste commis par les ennemis de l\u2019int\u00e9grit\u00e9 territoriale du Royaume<\/em>\u201d.<\/p>\n\n\n\n<p>Plusieurs dizaines de milliers d\u2019habitants de la ville de La\u00e2youne et de ses environs ont battu le pav\u00e9 et sillonn\u00e9 les principales art\u00e8res de la ville, brandissant le drapeau national pour exprimer leur indignation suite \u00e0 cette agression l\u00e2che et manifester leur solidarit\u00e9 envers leurs concitoyens dans la ville d\u2019Es-Semara.<\/p>\n\n\n\n<p>Ils ont scand\u00e9 des slogans d\u00e9non\u00e7ant cette \u201c<em>attaque ignoble qui a vis\u00e9 des civils innocents en violation flagrante du droit international<\/em>\u201d, tout en appelant la communaut\u00e9 internationale \u00e0 assumer sa responsabilit\u00e9 pour mettre un terme aux agissements du polisario, <em>\u201cune entit\u00e9 terroriste qui s\u00e9questre nos fr\u00e8res et bombarde nos fils<\/em>\u201d.<\/p>\n\n\n\n<p>Ces attaques ayant pris pour cible les civils \u201c<em>visent \u00e0 porter atteinte \u00e0 la s\u00e9curit\u00e9 et \u00e0 la stabilit\u00e9 pr\u00e9valant dans les provinces du Sud du Royaume<\/em>\u201d et \u201c<em>attestent de l\u2019\u00e9chec de la th\u00e8se s\u00e9paratiste sur les plans diplomatique, militaire et politique<\/em>\u201d, ont-ils soulign\u00e9.<\/p>\n\n\n\n<p>\u201c<em>A l\u2019image de Daech, le polisario est un ramassis de terroristes<\/em>\u201d, \u201cl<em>es explosions d\u2019Es-Semara menacent la paix et la s\u00e9curit\u00e9 des civils en violation flagrante du droit international, du droit humanitaire international et des r\u00e9solutions du Conseil de s\u00e9curit\u00e9<\/em>\u201d, peut-on lire sur les banderoles.<\/p>\n\n\n\n<p>La marche de La\u00e2youne a pris fin par la lecture d\u2019un communiqu\u00e9 des Chioukhs des tribus sahraouies dans lequel ils ont fait part de leur indignation de cette agression contraire aux chartes et conventions internationales, y voyant une \u201cv<em>aine tentative des adversaires de l\u2019int\u00e9grit\u00e9 territoriale du Royaume du Maroc de parasiter et d\u2019attenter aux efforts men\u00e9s sous l\u2019\u00e9gide des Nations Unies mais \u00e9galement aux niveaux r\u00e9gional et international en soutien \u00e0 la souverainet\u00e9 du Maroc sur l\u2019ensemble de son territoire<\/em>\u201d.<\/p>\n\n\n\n<p>Le communiqu\u00e9 a relev\u00e9 que \u201c<em>les adversaires ont \u00e9chou\u00e9 de mani\u00e8re flagrante dans leurs vaines tentatives \u00e0 porter atteinte \u00e0 la pertinence et la cr\u00e9dibilit\u00e9 du plan marocain d\u2019autonomie du Sahara sous souverainet\u00e9 marocaine qui a le m\u00e9rite, entre autres, de mettre fin \u00e0 un conflit artificiel autour du Sahara qui n\u2019a que trop dur\u00e9\u201d<\/em>.<\/p>\n\n\n\n<p>Face \u00e0 cette situation p\u00e9rilleuse, les signataires du communiqu\u00e9 expriment leur ferme condamnation de cette agression irresponsable et rappellent \u00e0 l\u2019agresseur que le Maroc et la s\u00e9curit\u00e9 de ses territoires et de ses fils sont une ligne rouge. Ils ont, dans ce cadre, affirm\u00e9 que les vell\u00e9it\u00e9s des s\u00e9paratistes ne sauraient entamer la volont\u00e9 des Chioukhs des tribus de d\u00e9fendre corps et \u00e2mes le Sahara, tout en demeurant mobilis\u00e9s derri\u00e8re SM le Roi Mohammed VI et saluant toutes les initiatives sages et clairvoyantes visant la d\u00e9fense de l\u2019int\u00e9grit\u00e9 territoriale du Royaume.<\/p>\n","protected":false},"excerpt":{"rendered":"<p>La\u00e2youne , le 5 novembre 2023 (MAP) \u2013 Une grande marche a \u00e9t\u00e9 organis\u00e9e, ce 5 novembre 2023, \u00e0 La\u00e2youne,<\/p>\n","protected":false},"author":2,"featured_media":6198,"comment_status":"closed","ping_status":"closed","sticky":false,"template":"","format":"standard","meta":{"footnotes":""},"categories":[3,8],"tags":[],"class_list":["post-6197","post","type-post","status-publish","format-standard","has-post-thumbnail","hentry","category-accueil","category-provinces-du-sud"],"_links":{"self":[{"href":"http:\/\/anatem.info\/index.php?rest_route=\/wp\/v2\/posts\/6197","targetHints":{"allow":["GET"]}}],"collection":[{"href":"http:\/\/anatem.info\/index.php?rest_route=\/wp\/v2\/posts"}],"about":[{"href":"http:\/\/anatem.info\/index.php?rest_route=\/wp\/v2\/types\/post"}],"author":[{"embeddable":true,"href":"http:\/\/anatem.info\/index.php?rest_route=\/wp\/v2\/users\/2"}],"replies":[{"embeddable":true,"href":"http:\/\/anatem.info\/index.php?rest_route=%2Fwp%2Fv2%2Fcomments&post=6197"}],"version-history":[{"count":3,"href":"http:\/\/anatem.info\/index.php?rest_route=\/wp\/v2\/posts\/6197\/revisions"}],"predecessor-version":[{"id":6201,"href":"http:\/\/anatem.info\/index.php?rest_route=\/wp\/v2\/posts\/6197\/revisions\/6201"}],"wp:featuredmedia":[{"embeddable":true,"href":"http:\/\/anatem.info\/index.php?rest_route=\/wp\/v2\/media\/6198"}],"wp:attachment":[{"href":"http:\/\/anatem.info\/index.php?rest_route=%2Fwp%2Fv2%2Fmedia&parent=6197"}],"wp:term":[{"taxonomy":"category","embeddable":true,"href":"http:\/\/anatem.info\/index.php?rest_route=%2Fwp%2Fv2%2Fcategories&post=6197"},{"taxonomy":"post_tag","embeddable":true,"href":"http:\/\/anatem.info\/index.php?rest_route=%2Fwp%2Fv2%2Ftags&post=6197"}],"curies":[{"name":"wp","href":"https:\/\/api.w.org\/{rel}","templated":true}]}}