{"id":6244,"date":"2023-12-12T15:12:21","date_gmt":"2023-12-12T20:12:21","guid":{"rendered":"https:\/\/anatem.info\/?p=6244"},"modified":"2023-12-12T15:12:21","modified_gmt":"2023-12-12T20:12:21","slug":"le-benin-soutient-lintegrite-territoriale-du-royaume-considere-lautonomie-comme-seule-solution-credible-et-realiste-a-la-resolution-du-differend-regional-autour-du-sahara-l","status":"publish","type":"post","link":"http:\/\/anatem.info\/?p=6244","title":{"rendered":"Le B\u00e9nin soutient l\u2019int\u00e9grit\u00e9 territoriale du Royaume, consid\u00e8re l\u2019autonomie comme seule solution cr\u00e9dible et r\u00e9aliste \u00e0 la r\u00e9solution du diff\u00e9rend r\u00e9gional autour du Sahara. L\u2019ouverture d\u2019un consulat \u00e0 La\u00e2youne est \u00e0 l\u2019\u00e9tude"},"content":{"rendered":"\n<p>Rabat, le 12 d\u00e9cembre 2023 (MAP) \u2013\u00a0 Le ministre des Affaires \u00e9trang\u00e8res, de la Coop\u00e9ration africaine et des Marocains r\u00e9sidant \u00e0 l\u2019\u00e9tranger, Nasser Bourita et son homologue b\u00e9ninois, Olushegun Adjadi Bakari ont soulign\u00e9, lors d\u2019un entretien t\u00e9l\u00e9phonique mardi, l\u2019importance des relations bilat\u00e9rales port\u00e9es par la volont\u00e9 de Sa Majest\u00e9 le Roi Mohammed VI et de Son fr\u00e8re, S.E le Pr\u00e9sident Patrice Talon.<\/p>\n\n\n\n<p>Les deux ministres ont r\u00e9it\u00e9r\u00e9 l\u2019importance de la solidarit\u00e9 active et du partenariat mutuellement b\u00e9n\u00e9fique, comme base de la relation bilat\u00e9rale. Dans ce contexte, le ministre b\u00e9ninois des Affaires \u00e9trang\u00e8res a r\u00e9it\u00e9r\u00e9 le soutien de la R\u00e9publique du B\u00e9nin \u00e0 l\u2019int\u00e9grit\u00e9 territoriale du Royaume du Maroc, et r\u00e9affirm\u00e9 l\u2019appui de son pays \u00e0 l\u2019Initiative d\u2019Autonomie pr\u00e9sent\u00e9e par le Maroc, comme seule solution cr\u00e9dible et r\u00e9aliste \u00e0 la r\u00e9solution du diff\u00e9rend r\u00e9gional autour du Sahara.<\/p>\n\n\n\n<p>A cet \u00e9gard, M. Olushegun Adjadi Bakari a assur\u00e9 M. Bourita que dans le cadre de la r\u00e9vision de la carte diplomatique et consulaire, il plaiderait pour l\u2019\u00e9tablissement par le B\u00e9nin d\u2019un point de pr\u00e9sence consulaire dans la ville de La\u00e2youne au Sahara marocain.<\/p>\n\n\n\n<p>De m\u00eame, il a inform\u00e9 qu\u2019il effectuera une mission \u00e0 Dakhla, \u00e0 l\u2019effet, notamment, de constater l\u2019essor \u00e9conomique et social que conna\u00eet cette r\u00e9gion et de nouer des partenariats sur place.<\/p>\n\n\n\n<p>Les deux ministres ont, par ailleurs, convenu de tenir la 7\u00e8me Commission mixte de Coop\u00e9ration maroco-b\u00e9ninoise \u00e0 Cotonou, au d\u00e9but de l\u2019ann\u00e9e 2024.<\/p>\n\n\n\n<p>Dans ce cadre, ils se sont f\u00e9licit\u00e9s de la bonne pr\u00e9paration de cette Commission mixte, marqu\u00e9e notamment par la finalisation des accords et m\u00e9morandums dans plusieurs domaines de coop\u00e9ration, traduisant la volont\u00e9 des deux pays d\u2019insuffler une nouvelle dynamique aux excellentes relations qu\u2019ils entretiennent d\u00e9j\u00e0, indique un communiqu\u00e9 du minist\u00e8re des Affaires \u00e9trang\u00e8res, de la Coop\u00e9ration africaine et des Marocains r\u00e9sidant \u00e0 l\u2019\u00e9tranger.<\/p>\n\n\n\n<p>De son c\u00f4t\u00e9, M. Nasser Bourita, soulignant l\u2019importance de la dimension humaine, a inform\u00e9 son homologue b\u00e9ninois de la d\u00e9cision d\u2019augmenter le nombre des bourses de formation de cadres b\u00e9ninois au Maroc. Il a \u00e9galement port\u00e9 \u00e0 sa connaissance que, dans le cadre de la facilitation de la libre circulation des personnes entre les deux pays, le Maroc examinera avec toute l\u2019attention requise l\u2019exemption de visas pour les ressortissants b\u00e9ninois titulaires de passeports ordinaires.<\/p>\n\n\n\n<p>Dans l\u2019attente, les citoyens b\u00e9ninois b\u00e9n\u00e9ficieront, d\u00e8s le 1er janvier 2024, de la facilit\u00e9 de l\u2019e-Visa, d\u00e9velopp\u00e9e depuis 2023 avec les pays fr\u00e8res et amis du Royaume.<\/p>\n","protected":false},"excerpt":{"rendered":"<p>Rabat, le 12 d\u00e9cembre 2023 (MAP) \u2013\u00a0 Le ministre des Affaires \u00e9trang\u00e8res, de la Coop\u00e9ration africaine et des Marocains r\u00e9sidant<\/p>\n","protected":false},"author":2,"featured_media":4580,"comment_status":"closed","ping_status":"closed","sticky":false,"template":"","format":"standard","meta":{"footnotes":""},"categories":[3,62,8],"tags":[],"class_list":["post-6244","post","type-post","status-publish","format-standard","has-post-thumbnail","hentry","category-accueil","category-afrique","category-provinces-du-sud"],"_links":{"self":[{"href":"http:\/\/anatem.info\/index.php?rest_route=\/wp\/v2\/posts\/6244","targetHints":{"allow":["GET"]}}],"collection":[{"href":"http:\/\/anatem.info\/index.php?rest_route=\/wp\/v2\/posts"}],"about":[{"href":"http:\/\/anatem.info\/index.php?rest_route=\/wp\/v2\/types\/post"}],"author":[{"embeddable":true,"href":"http:\/\/anatem.info\/index.php?rest_route=\/wp\/v2\/users\/2"}],"replies":[{"embeddable":true,"href":"http:\/\/anatem.info\/index.php?rest_route=%2Fwp%2Fv2%2Fcomments&post=6244"}],"version-history":[{"count":1,"href":"http:\/\/anatem.info\/index.php?rest_route=\/wp\/v2\/posts\/6244\/revisions"}],"predecessor-version":[{"id":6245,"href":"http:\/\/anatem.info\/index.php?rest_route=\/wp\/v2\/posts\/6244\/revisions\/6245"}],"wp:featuredmedia":[{"embeddable":true,"href":"http:\/\/anatem.info\/index.php?rest_route=\/wp\/v2\/media\/4580"}],"wp:attachment":[{"href":"http:\/\/anatem.info\/index.php?rest_route=%2Fwp%2Fv2%2Fmedia&parent=6244"}],"wp:term":[{"taxonomy":"category","embeddable":true,"href":"http:\/\/anatem.info\/index.php?rest_route=%2Fwp%2Fv2%2Fcategories&post=6244"},{"taxonomy":"post_tag","embeddable":true,"href":"http:\/\/anatem.info\/index.php?rest_route=%2Fwp%2Fv2%2Ftags&post=6244"}],"curies":[{"name":"wp","href":"https:\/\/api.w.org\/{rel}","templated":true}]}}