{"id":6566,"date":"2024-07-17T06:25:16","date_gmt":"2024-07-17T11:25:16","guid":{"rendered":"https:\/\/anatem.info\/?p=6566"},"modified":"2024-07-18T06:35:04","modified_gmt":"2024-07-18T11:35:04","slug":"cooperation-maroco-africaine-relancee-a-laayoune-la-maroc-la-guinee-bissau-et-le-malawi-sengagent","status":"publish","type":"post","link":"http:\/\/anatem.info\/?p=6566","title":{"rendered":"Coop\u00e9ration maroco-africaine\u00a0relanc\u00e9e \u00e0 Laayoune : La Maroc, la Guin\u00e9e Bissau et le Malawi s\u2019engagent"},"content":{"rendered":"\n<p><strong>Source : <a href=\"https:\/\/perspectivesmed.com\/cooperation-maroco-africaine-relancee-a-laayoune-la-maroc-la-guinee-bissau-et-le-malawi-sengagent\/\" data-type=\"link\" data-id=\"https:\/\/perspectivesmed.com\/cooperation-maroco-africaine-relancee-a-laayoune-la-maroc-la-guinee-bissau-et-le-malawi-sengagent\/\">Perspectives<\/a><\/strong><\/p>\n\n\n\n<blockquote class=\"wp-block-quote is-layout-flow wp-block-quote-is-layout-flow\">\n<p>Nasser Bourita, ministre des Affaires \u00e9trang\u00e8res, multiplie les rencontres avec ses homologues africains \u00e0 Laayoune. Il a accueilli successivement ses homologues de la Guin\u00e9e Bissau et du Malawi pour booster la coop\u00e9ration bilat\u00e9rale.<\/p>\n<\/blockquote>\n\n\n\n<p>Carlos Pinto Pereira, ministre bissau-guin\u00e9en des affaires \u00e9trang\u00e8res, de la coop\u00e9ration internationale et des communaut\u00e9s, \u00e9tait \u00e0 Laayoune pour signer, le16 juillet 2024, plusieurs instruments juridiques, \u00e0 l\u2019issue des travaux de la 3\u00e8me session de la Commission mixte de coop\u00e9ration maroco-bissauguin\u00e9enne. Les deux ministres ont proc\u00e9d\u00e9 \u00e0 la signature d\u2019un accord sur l\u2019assistance administrative mutuelle en mati\u00e8re douani\u00e8re, un accord relatif aux transports routiers des voyageurs et de marchandise et un accord relatif \u00e0 la reconnaissance r\u00e9ciproque des permis de conduire.<\/p>\n\n\n\n<p>Il s\u2019agit aussi d\u2019une convention de coop\u00e9ration dans le domaine de la protection zoo-sanitaire du cheptel, d\u2019un m\u00e9morandum d\u2019entente dans le domaine de la justice, d\u2019un m\u00e9morandum d\u2019entente de coop\u00e9ration commerciale, d\u2019un m\u00e9morandum d\u2019entente de coop\u00e9ration dans le domaine de la gestion int\u00e9gr\u00e9e des ressources en eau et d\u2019un m\u00e9morandum d\u2019entente dans les domaines de l\u2019am\u00e9nagement du territoire, de l\u2019urbanisme, de l\u2019habitat et de la politique de la ville.<\/p>\n\n\n\n<p>Un m\u00e9morandum d\u2019entente de coop\u00e9ration dans le domaine de l\u2019information et de la communication a \u00e9galement \u00e9t\u00e9 sign\u00e9, en plus d\u2019un m\u00e9morandum d\u2019entente dans les domaines des activit\u00e9s de la jeunesse et de la femme, d\u2019un m\u00e9morandum d\u2019entente dans les domaines du sport et de la formation des cadres et d\u2019une convention cadre de coop\u00e9ration dans le domaine de la formation professionnelle.<\/p>\n\n\n\n<p>En outre, les deux ministres ont sign\u00e9 un accord-cadre de coop\u00e9ration relatif \u00e0 l\u2019octroi de bourses acad\u00e9miques, de stages et de partage d\u2019expertise, d\u2019une convention de jumelage en mati\u00e8re de formation des professionnels de sant\u00e9 et d\u2019un programme d\u2019application en mati\u00e8re d\u2019artisanat et d\u2019\u00e9conomie sociale et solidaire pour la p\u00e9riode 2024-2026.<\/p>\n\n\n\n<p>Pour rappel, la&nbsp;Guin\u00e9e Bissau reconnait la marocanit\u00e9 du Sahara occidental et a ouvert un consulat \u00e0 Dakhla en 2020.<\/p>\n\n\n\n<p>Il en va de m\u00eame pour le Malawi. Nasser Bourita et Nancy Tembo, son homologue malawienne, ont sign\u00e9 plusieurs instruments juridiques \u00e0 l\u2019occasion de la 1\u00e8re session de la Commission mixte de coop\u00e9ration entre les deux pays, le16 juillet 2024,\u00a0\u00e0 La\u00e2youne.<\/p>\n\n\n\n<p>Cette Commission ouvre un nouveau chapitre dans la coop\u00e9ration sectorielle entre le Maroc et le Malawi et couvre divers secteurs&nbsp;: agriculture, s\u00e9curit\u00e9 alimentaire et mines, eau et assainissement, d\u00e9veloppement d\u2019\u00e9nergie, transports et infrastructures, terrains, logements et d\u00e9veloppement urbain, l\u2019enseignement sup\u00e9rieur et la recherche scientifique ainsi que la promotion des programmes touristiques, culturels, religieux et politiques.<\/p>\n\n\n\n<p>Le Maroc et le Malawi aspirent ainsi \u00e0 hisser leurs relations au niveau d\u2019un partenariat tangible et multidimensionnel \u00e0 travers cette Commission mixte, tenue dans le cadre de la vision des chefs d\u2019\u00e9tat des deux pays, roi Mohammed VI et le pr\u00e9sident Lazarus Chakwera.<\/p>\n\n\n\n<p>Pour rappel, en&nbsp;juillet 2021, la&nbsp;R\u00e9publique du Malawi a inaugur\u00e9 son Consulat G\u00e9n\u00e9ral \u00e0 La\u00e2youne.<\/p>\n","protected":false},"excerpt":{"rendered":"<p>Source : Perspectives Nasser Bourita, ministre des Affaires \u00e9trang\u00e8res, multiplie les rencontres avec ses homologues africains \u00e0 Laayoune. Il a<\/p>\n","protected":false},"author":2,"featured_media":4580,"comment_status":"closed","ping_status":"closed","sticky":false,"template":"","format":"standard","meta":{"footnotes":""},"categories":[3,62,8],"tags":[12,30],"class_list":["post-6566","post","type-post","status-publish","format-standard","has-post-thumbnail","hentry","category-accueil","category-afrique","category-provinces-du-sud","tag-provinces-du-sud-2","tag-sahara"],"_links":{"self":[{"href":"http:\/\/anatem.info\/index.php?rest_route=\/wp\/v2\/posts\/6566","targetHints":{"allow":["GET"]}}],"collection":[{"href":"http:\/\/anatem.info\/index.php?rest_route=\/wp\/v2\/posts"}],"about":[{"href":"http:\/\/anatem.info\/index.php?rest_route=\/wp\/v2\/types\/post"}],"author":[{"embeddable":true,"href":"http:\/\/anatem.info\/index.php?rest_route=\/wp\/v2\/users\/2"}],"replies":[{"embeddable":true,"href":"http:\/\/anatem.info\/index.php?rest_route=%2Fwp%2Fv2%2Fcomments&post=6566"}],"version-history":[{"count":1,"href":"http:\/\/anatem.info\/index.php?rest_route=\/wp\/v2\/posts\/6566\/revisions"}],"predecessor-version":[{"id":6567,"href":"http:\/\/anatem.info\/index.php?rest_route=\/wp\/v2\/posts\/6566\/revisions\/6567"}],"wp:featuredmedia":[{"embeddable":true,"href":"http:\/\/anatem.info\/index.php?rest_route=\/wp\/v2\/media\/4580"}],"wp:attachment":[{"href":"http:\/\/anatem.info\/index.php?rest_route=%2Fwp%2Fv2%2Fmedia&parent=6566"}],"wp:term":[{"taxonomy":"category","embeddable":true,"href":"http:\/\/anatem.info\/index.php?rest_route=%2Fwp%2Fv2%2Fcategories&post=6566"},{"taxonomy":"post_tag","embeddable":true,"href":"http:\/\/anatem.info\/index.php?rest_route=%2Fwp%2Fv2%2Ftags&post=6566"}],"curies":[{"name":"wp","href":"https:\/\/api.w.org\/{rel}","templated":true}]}}