{"id":6837,"date":"2025-01-25T20:22:20","date_gmt":"2025-01-26T01:22:20","guid":{"rendered":"https:\/\/anatem.info\/?p=6837"},"modified":"2025-01-25T20:22:20","modified_gmt":"2025-01-26T01:22:20","slug":"le-logo-officiel-de-la-can-maroc-2025-vient-detre-devoile","status":"publish","type":"post","link":"http:\/\/anatem.info\/?p=6837","title":{"rendered":"Le logo officiel de la CAN Maroc-2025 vient d\u2019\u00eatre d\u00e9voil\u00e9"},"content":{"rendered":"\n<p>Le logo officiel de la CAN Maroc-2025 vient d\u2019\u00eatre d\u00e9voil\u00e9, dans la soir\u00e9e de ce samedi 25 janvier, par l\u2019instance supr\u00eame du football africain. Et ce, \u00e0 jour J-2 du tirage au sort du tournoi panafricain pr\u00e9vu du 21 d\u00e9cembre 2025 au 18 janvier 2026.<\/p>\n\n\n\n<p>La vid\u00e9o annon\u00e7ant le logo officiel de la 35e \u00e9dition de la CAN met particuli\u00e8rement en valeur le patrimoine marocain, notamment le zellige.<\/p>\n\n\n\n<p>Il s\u2019agit ainsi d\u2019un v\u00e9ritable hommage au Maroc dont l\u2019amour pour le ballon rond est une seconde nature, dans les g\u00e8nes des jeunes d\u00e9sireux de perp\u00e9tuer la tradition et de continuer \u00e0 hisser le pays dans les premiers rangs en tant que terre d\u2019hospitalit\u00e9 pour les pays africains.<\/p>\n\n\n\n<p>Le tirage au sort de la CAN Maroc-2025 aura lieu lundi 27 janvier \u00e0 partir de 19 heures au Th\u00e9\u00e2tre national Mohammed V de Rabat, en pr\u00e9sence de hauts responsables et de grandes stars du football continental.<\/p>\n\n\n\n<p><\/p>\n","protected":false},"excerpt":{"rendered":"<p>Le logo officiel de la CAN Maroc-2025 vient d\u2019\u00eatre d\u00e9voil\u00e9, dans la soir\u00e9e de ce samedi 25 janvier, par l\u2019instance<\/p>\n","protected":false},"author":2,"featured_media":6838,"comment_status":"closed","ping_status":"closed","sticky":false,"template":"","format":"standard","meta":{"footnotes":""},"categories":[3,62,5,7],"tags":[],"class_list":["post-6837","post","type-post","status-publish","format-standard","has-post-thumbnail","hentry","category-accueil","category-afrique","category-maghreb-news","category-presse-marocaine"],"_links":{"self":[{"href":"http:\/\/anatem.info\/index.php?rest_route=\/wp\/v2\/posts\/6837","targetHints":{"allow":["GET"]}}],"collection":[{"href":"http:\/\/anatem.info\/index.php?rest_route=\/wp\/v2\/posts"}],"about":[{"href":"http:\/\/anatem.info\/index.php?rest_route=\/wp\/v2\/types\/post"}],"author":[{"embeddable":true,"href":"http:\/\/anatem.info\/index.php?rest_route=\/wp\/v2\/users\/2"}],"replies":[{"embeddable":true,"href":"http:\/\/anatem.info\/index.php?rest_route=%2Fwp%2Fv2%2Fcomments&post=6837"}],"version-history":[{"count":1,"href":"http:\/\/anatem.info\/index.php?rest_route=\/wp\/v2\/posts\/6837\/revisions"}],"predecessor-version":[{"id":6839,"href":"http:\/\/anatem.info\/index.php?rest_route=\/wp\/v2\/posts\/6837\/revisions\/6839"}],"wp:featuredmedia":[{"embeddable":true,"href":"http:\/\/anatem.info\/index.php?rest_route=\/wp\/v2\/media\/6838"}],"wp:attachment":[{"href":"http:\/\/anatem.info\/index.php?rest_route=%2Fwp%2Fv2%2Fmedia&parent=6837"}],"wp:term":[{"taxonomy":"category","embeddable":true,"href":"http:\/\/anatem.info\/index.php?rest_route=%2Fwp%2Fv2%2Fcategories&post=6837"},{"taxonomy":"post_tag","embeddable":true,"href":"http:\/\/anatem.info\/index.php?rest_route=%2Fwp%2Fv2%2Ftags&post=6837"}],"curies":[{"name":"wp","href":"https:\/\/api.w.org\/{rel}","templated":true}]}}