{"id":6866,"date":"2025-02-10T16:36:18","date_gmt":"2025-02-10T21:36:18","guid":{"rendered":"https:\/\/anatem.info\/?p=6866"},"modified":"2025-02-10T16:36:18","modified_gmt":"2025-02-10T21:36:18","slug":"le-royaume-du-maroc-et-la-republique-dirak-reaffirment-leur-determination-a-imprimer-un-nouvel-elan-aux-relations-bilaterales","status":"publish","type":"post","link":"http:\/\/anatem.info\/?p=6866","title":{"rendered":"Le Royaume du Maroc et la R\u00e9publique d\u2019Irak r\u00e9affirment leur d\u00e9termination \u00e0 imprimer un nouvel \u00e9lan aux relations bilat\u00e9rales"},"content":{"rendered":"\n<p>Rabat, 08\/02\/2025 (MAP)- Le Royaume du Maroc et la R\u00e9publique d\u2019Irak ont r\u00e9affirm\u00e9, ce samedi 8 f\u00e9vrier 2025, leur d\u00e9termination \u00e0 imprimer un nouvel \u00e9lan aux relations bilat\u00e9rales.<\/p>\n\n\n\n<p>Cette position a \u00e9t\u00e9 exprim\u00e9e lors des entretiens \u00e0 Rabat entre le ministre des Affaires \u00e9trang\u00e8res, de la Coop\u00e9ration africaine et des Marocains r\u00e9sidant \u00e0 l\u2019\u00e9tranger, Nasser Bourita, et le vice-Pr\u00e9sident du Conseil des ministres, ministre des Affaires \u00e9trang\u00e8res de la R\u00e9publique d\u2019Irak, Fuad Hussein, en visite de travail au Maroc.<\/p>\n\n\n\n<p>Ces entretiens ont port\u00e9 sur les moyens de renforcer les relations bilat\u00e9rales et de les hisser au niveau des aspirations des deux pays fr\u00e8res.<\/p>\n\n\n\n<p>Les deux ministres ont fait part, \u00e0 cette occasion, de leur satisfaction quant \u00e0 la dynamique positive que connaissent les relations entre les deux pays, soulignant leur volont\u00e9 commune de les consolider et de conf\u00e9rer un contenu profond \u00e0 la coop\u00e9ration bilat\u00e9rale dans les divers domaines, y compris en mati\u00e8re de partage des expertises du Maroc avec l\u2019Irak, tout en accordant une attention particuli\u00e8re au volet \u00e9conomique, \u00e0 travers l&rsquo;encouragement des investissements.<\/p>\n\n\n\n<p>Cette nouvelle dynamique s\u2019est illustr\u00e9e par la r\u00e9ouverture de l\u2019ambassade du Maroc en Irak, le 28 janvier 2023, apr\u00e8s une absence de 18 ans, ce qui constitue un signal fort de la volont\u00e9 du Maroc, sous la conduite \u00e9clair\u00e9e de Sa Majest\u00e9 le Roi Mohammed VI, que Dieu L\u2019assiste, de raffermir les relations entre les deux pays dans tous les domaines.<\/p>\n\n\n\n<p>Dans le cadre de cet \u00e9lan positif imprim\u00e9 aux relations bilat\u00e9rales, les deux ministres sont convenus d\u2019organiser, dans les plus brefs d\u00e9lais, la premi\u00e8re session des concertations politiques, dans la perspective de tenir la commission mixte maroco-irakienne.<\/p>\n\n\n\n<p>A cette occasion, les deux ministres ont sign\u00e9 un m\u00e9morandum d\u2019entente concernant l\u2019exemption r\u00e9ciproque de visa pour les titulaires de passeports diplomatiques, entre le minist\u00e8re des Affaires \u00e9trang\u00e8res, de la Coop\u00e9ration africaine et des Marocains r\u00e9sidant \u00e0 l\u2019\u00e9tranger et le minist\u00e8re des Affaires \u00e9trang\u00e8res irakien.<\/p>\n\n\n\n<p>S\u2019agissant des questions arabes et r\u00e9gionales, MM. Bourita et Hussein ont soulign\u00e9 l&rsquo;importance de poursuivre la concertation et la coordination entre le Royaume du Maroc et la R\u00e9publique d&rsquo;Irak au sujet des diverses questions arabes, r\u00e9gionales et internationales d&rsquo;int\u00e9r\u00eat commun, \u00e0 leur t\u00eate la cause palestinienne, r\u00e9affirmant le soutien constant des deux pays aux droits l\u00e9gitimes du peuple palestinien, en particulier son droit \u00e0 l&rsquo;\u00e9tablissement de son Etat ind\u00e9pendant, sur les fronti\u00e8res de juin 1967, avec pour capitale Al Qods-Est.<\/p>\n\n\n\n<p>Concernant la situation en Syrie, les entretiens entre les deux parties ont mis en \u00e9vidence la convergence de vues sur le respect de l\u2019int\u00e9grit\u00e9 territoriale et de la souverainet\u00e9 nationale de ce pays, ainsi que sur l&rsquo;unit\u00e9 du peuple syrien, toutes composantes et sensibilit\u00e9s confondues.<\/p>\n\n\n\n<p>Les deux ministres ont form\u00e9 le souhait de voir ce pays fr\u00e8res jouir de la paix, de la stabilit\u00e9 et de la prosp\u00e9rit\u00e9, dans le cadre d&rsquo;une unit\u00e9 nationale f\u00e9d\u00e9ratrice rassemblant l\u2019ensemble des Syriens, sans exclusive.<\/p>\n\n\n\n<p>Ils ont, par ailleurs, insist\u00e9 sur leur d\u00e9termination \u00e0 poursuivre la coordination des positions au niveau des organisations r\u00e9gionales et internationales, dont les Nations Unies, la Ligue des Etats arabes et l&rsquo;Organisation de la coop\u00e9ration islamique.<\/p>\n","protected":false},"excerpt":{"rendered":"<p>Rabat, 08\/02\/2025 (MAP)- Le Royaume du Maroc et la R\u00e9publique d\u2019Irak ont r\u00e9affirm\u00e9, ce samedi 8 f\u00e9vrier 2025, leur d\u00e9termination<\/p>\n","protected":false},"author":2,"featured_media":6867,"comment_status":"closed","ping_status":"closed","sticky":false,"template":"","format":"standard","meta":{"footnotes":""},"categories":[3,5,7],"tags":[],"class_list":["post-6866","post","type-post","status-publish","format-standard","has-post-thumbnail","hentry","category-accueil","category-maghreb-news","category-presse-marocaine"],"_links":{"self":[{"href":"http:\/\/anatem.info\/index.php?rest_route=\/wp\/v2\/posts\/6866","targetHints":{"allow":["GET"]}}],"collection":[{"href":"http:\/\/anatem.info\/index.php?rest_route=\/wp\/v2\/posts"}],"about":[{"href":"http:\/\/anatem.info\/index.php?rest_route=\/wp\/v2\/types\/post"}],"author":[{"embeddable":true,"href":"http:\/\/anatem.info\/index.php?rest_route=\/wp\/v2\/users\/2"}],"replies":[{"embeddable":true,"href":"http:\/\/anatem.info\/index.php?rest_route=%2Fwp%2Fv2%2Fcomments&post=6866"}],"version-history":[{"count":1,"href":"http:\/\/anatem.info\/index.php?rest_route=\/wp\/v2\/posts\/6866\/revisions"}],"predecessor-version":[{"id":6868,"href":"http:\/\/anatem.info\/index.php?rest_route=\/wp\/v2\/posts\/6866\/revisions\/6868"}],"wp:featuredmedia":[{"embeddable":true,"href":"http:\/\/anatem.info\/index.php?rest_route=\/wp\/v2\/media\/6867"}],"wp:attachment":[{"href":"http:\/\/anatem.info\/index.php?rest_route=%2Fwp%2Fv2%2Fmedia&parent=6866"}],"wp:term":[{"taxonomy":"category","embeddable":true,"href":"http:\/\/anatem.info\/index.php?rest_route=%2Fwp%2Fv2%2Fcategories&post=6866"},{"taxonomy":"post_tag","embeddable":true,"href":"http:\/\/anatem.info\/index.php?rest_route=%2Fwp%2Fv2%2Ftags&post=6866"}],"curies":[{"name":"wp","href":"https:\/\/api.w.org\/{rel}","templated":true}]}}