{"id":6909,"date":"2025-02-25T17:23:59","date_gmt":"2025-02-25T22:23:59","guid":{"rendered":"https:\/\/anatem.info\/?p=6909"},"modified":"2025-02-25T17:24:33","modified_gmt":"2025-02-25T22:24:33","slug":"cabo-verde-reaffirme-son-soutien-au-plan-marocain-dautonomie-du-sahara-sous-la-souverainete-du-royaume-du-maroc","status":"publish","type":"post","link":"http:\/\/anatem.info\/?p=6909","title":{"rendered":"Cabo Verde r\u00e9affirme son soutien au plan marocain d&rsquo;autonomie du Sahara sous la souverainet\u00e9 du Royaume du Maroc"},"content":{"rendered":"\n<p>? l\u2019issue de sa rencontre avec le ministre des Affaires \u00e9trang\u00e8res, de la Coop\u00e9ration africaine et des Marocains r\u00e9sidant \u00e0 l\u2019\u00e9tranger, Nasser Bourita, ce mardi 25 f\u00e9vrier 2025, \u00e0 Rabat, M. &nbsp;Jos\u00e9 Filomeno de Carvalho Dias Monteiro, ministre des Affaires \u00e9trang\u00e8res, de la Coop\u00e9ration et de l&rsquo;Int\u00e9gration r\u00e9gionale de la R\u00e9publique de Cabo Verde, a r\u00e9it\u00e9r\u00e9 la position constante de son pays concernant la Marocanit\u00e9 du Sahara, et ce, tout en r\u00e9affirmant le plein soutien de son pays au plan d\u2019autonomie pr\u00e9sent\u00e9 par le Royaume en 2007 et consid\u00e9r\u00e9 (par Cabo Verde) comme \u2018\u2019la seule solution cr\u00e9dible et r\u00e9aliste pour r\u00e9soudre le diff\u00e9rend r\u00e9gional autour du Sahara\u2019\u2019.<\/p>\n\n\n\n<p>S\u2019exprimant dans un point de presse \u00e0 l\u2019issue de sa rencontre avec M. Nasser Bourita, M. Dias Monteiro a tenu de rendre hommage aux efforts d\u00e9ploy\u00e9s par les Nations Unies; cadre exclusif pouvant parvenir \u00e0 une \u2018\u2019solution r\u00e9aliste, pratique et durable au diff\u00e9rend r\u00e9gional autour du Sahara marocain\u2019\u2019.<\/p>\n\n\n\n<p>Par la suite, M. Bourita, s&rsquo;est f\u00e9licit\u00e9 de l&rsquo;ouverture d&rsquo;un Consulat g\u00e9n\u00e9ral de la R\u00e9publique de Cabo Verde \u00e0 Dakhla, en ao\u00fbt 2022, a vivement remerci\u00e9 M. Dias Monteiro pour le soutien constant et ferme de son pays \u00e0 l\u2019int\u00e9grit\u00e9 territoriale du Royaume du Maroc.<\/p>\n\n\n\n<p>Il est \u00e0 souligner que la position de Cabo Verde, r\u00e9it\u00e9r\u00e9e par M. Dias Monteiro dans le point de presse, s&rsquo;inscrit dans le cadre de la dynamique internationale impuls\u00e9e par le Souverain Marocain, SM le Roi Mohammed VI, en faveur du plan d\u2019autonomie du Sahara sous la souverainet\u00e9 Marocaine.<\/p>\n","protected":false},"excerpt":{"rendered":"<p>? l\u2019issue de sa rencontre avec le ministre des Affaires \u00e9trang\u00e8res, de la Coop\u00e9ration africaine et des Marocains r\u00e9sidant \u00e0<\/p>\n","protected":false},"author":2,"featured_media":6910,"comment_status":"closed","ping_status":"closed","sticky":false,"template":"","format":"standard","meta":{"footnotes":""},"categories":[3,62,8],"tags":[],"class_list":["post-6909","post","type-post","status-publish","format-standard","has-post-thumbnail","hentry","category-accueil","category-afrique","category-provinces-du-sud"],"_links":{"self":[{"href":"http:\/\/anatem.info\/index.php?rest_route=\/wp\/v2\/posts\/6909","targetHints":{"allow":["GET"]}}],"collection":[{"href":"http:\/\/anatem.info\/index.php?rest_route=\/wp\/v2\/posts"}],"about":[{"href":"http:\/\/anatem.info\/index.php?rest_route=\/wp\/v2\/types\/post"}],"author":[{"embeddable":true,"href":"http:\/\/anatem.info\/index.php?rest_route=\/wp\/v2\/users\/2"}],"replies":[{"embeddable":true,"href":"http:\/\/anatem.info\/index.php?rest_route=%2Fwp%2Fv2%2Fcomments&post=6909"}],"version-history":[{"count":2,"href":"http:\/\/anatem.info\/index.php?rest_route=\/wp\/v2\/posts\/6909\/revisions"}],"predecessor-version":[{"id":6912,"href":"http:\/\/anatem.info\/index.php?rest_route=\/wp\/v2\/posts\/6909\/revisions\/6912"}],"wp:featuredmedia":[{"embeddable":true,"href":"http:\/\/anatem.info\/index.php?rest_route=\/wp\/v2\/media\/6910"}],"wp:attachment":[{"href":"http:\/\/anatem.info\/index.php?rest_route=%2Fwp%2Fv2%2Fmedia&parent=6909"}],"wp:term":[{"taxonomy":"category","embeddable":true,"href":"http:\/\/anatem.info\/index.php?rest_route=%2Fwp%2Fv2%2Fcategories&post=6909"},{"taxonomy":"post_tag","embeddable":true,"href":"http:\/\/anatem.info\/index.php?rest_route=%2Fwp%2Fv2%2Ftags&post=6909"}],"curies":[{"name":"wp","href":"https:\/\/api.w.org\/{rel}","templated":true}]}}