{"id":6920,"date":"2025-03-01T14:10:19","date_gmt":"2025-03-01T19:10:19","guid":{"rendered":"https:\/\/anatem.info\/?p=6920"},"modified":"2025-03-01T14:10:19","modified_gmt":"2025-03-01T19:10:19","slug":"laayoune-avait-abrite-les-premieres-journees-medicales-maroco-americaines","status":"publish","type":"post","link":"http:\/\/anatem.info\/?p=6920","title":{"rendered":"La\u00e2youne avait abrit\u00e9 les \u00ab\u00a0Premi\u00e8res journ\u00e9es m\u00e9dicales maroco-am\u00e9ricaines\u00a0\u00bb"},"content":{"rendered":"\n<p>L\u2019am\u00e9lioration de la qualit\u00e9 des soins de sant\u00e9 et le renforcement des comp\u00e9tences des m\u00e9decins de la r\u00e9gion de La\u00e2youne-Sakia El Hamra ont \u00e9t\u00e9 \u00e0 l\u2019ordre du jour des premi\u00e8res journ\u00e9es m\u00e9dicales maroco-am\u00e9ricaines qui se sont tenus, les 25 et 26 f\u00e9vrier 2025, \u00e0 la Facult\u00e9 de m\u00e9decine et de pharmacie de Laayoune.<\/p>\n\n\n\n<p>Organis\u00e9e par cette facult\u00e9, en collaboration avec l\u2019h\u00f4pital Saint Francis \u00e0 New York (USA) et en partenariat avec le Conseil de la r\u00e9gion de La\u00e2youne-Sakia El Hamra, ces journ\u00e9es ambitionnent de booster la dynamique d\u2019\u00e9change multidisciplinaire entre les \u00e9tablissements de sant\u00e9 marocains et am\u00e9ricains, en vue de d\u00e9velopper les comp\u00e9tences des professionnels de sant\u00e9, et de promouvoir l\u2019innovation en m\u00e9decine et en chirurgie.<\/p>\n\n\n\n<p>Cette rencontre scientifique a ainsi permis \u00e0 sept m\u00e9decins am\u00e9ricains sp\u00e9cialis\u00e9s en endocrinologie, n\u00e9phrologie, cardiologie, gastro-ent\u00e9rologie, gyn\u00e9cologie-obst\u00e9trique, et p\u00e9diatrie d\u2019\u00e9changer avec leurs confr\u00e8res et cons\u0153urs marocains sur les derni\u00e8res avanc\u00e9es m\u00e9dicales et sur les moyens permettant l\u2019am\u00e9lioration de la prise en charge m\u00e9dicale au niveau de la r\u00e9gion.<\/p>\n\n\n\n<p>Soulignant la pertinence et l\u2019importance d\u2019une telle initiative pour la r\u00e9gion, la doyenne de la Facult\u00e9 de m\u00e9decine et de pharmacie de La\u00e2youne, Fatima Zahra a rappel\u00e9 que \u2018<em>\u2019La\u00e2youne-Sakia El Hamra est dot\u00e9e de ressources humaines qualifi\u00e9es dans le domaine m\u00e9dical, ainsi que des \u00e9tablissements de recherche et de sant\u00e9 de qualit\u00e9, faisant observer que la tenue de ces journ\u00e9es m\u00e9dicales \u00e0 La\u00e2youne refl\u00e8te l\u2019engagement de la r\u00e9gion \u00e0 devenir un p\u00f4le m\u00e9dical d\u2019excellence<\/em>\u2019\u2019.<\/p>\n\n\n\n<p>? l\u2019issu de cette rencontre scientifique, une convention de partenariat fut sign\u00e9e entre l\u2019h\u00f4pital Saint Francis \u00e0 New York et les h\u00f4pitaux r\u00e9gionaux de La\u00e2youne, en vue de promouvoir la collaboration, entre les signataires, dans les domaines de l\u2019enseignement m\u00e9dical, de la formation, et de la recherche, dans le but d\u2019am\u00e9liorer la qualit\u00e9 des soins.<\/p>\n\n\n\n<p>En vertu de cette convention, sign\u00e9e par le repr\u00e9sentant l\u2019h\u00f4pital Saint Francis \u00e0 New York, Meyer Abittan et le directeur r\u00e9gional de la Sant\u00e9 et de la Protection sociale, Ali Houari, les deux parties conviennent de collaborer dans les domaines relatifs \u00e0 la formation m\u00e9dicale, \u00e0 la recherche et l\u2019innovation, et \u00e0 la t\u00e9l\u00e9m\u00e9decine, ainsi que l\u2019\u00e9change de bonnes pratiques.<\/p>\n\n\n\n<p>A noter que la deuxi\u00e8me journ\u00e9e de cet \u00e9v\u00e8nement scientifique a \u00e9t\u00e9 marqu\u00e9e notamment par la pr\u00e9sence du wali de la r\u00e9gion de La\u00e2youne-Sakia El Hamra, gouverneur de la province de La\u00e2youne, Abdeslam Bekrate, du pr\u00e9sident du Conseil r\u00e9gional, Sidi Hamdi OuldErrachid, et des repr\u00e9sentants du laboratoire pharmaceutique \u201cLaprophan\u201d, ainsi que les consuls g\u00e9n\u00e9raux accr\u00e9dit\u00e9s \u00e0 La\u00e2youne.<\/p>\n\n\n\n<p>Source : La R\u00e9daction avec la MAP<\/p>\n","protected":false},"excerpt":{"rendered":"<p>L\u2019am\u00e9lioration de la qualit\u00e9 des soins de sant\u00e9 et le renforcement des comp\u00e9tences des m\u00e9decins de la r\u00e9gion de La\u00e2youne-Sakia<\/p>\n","protected":false},"author":2,"featured_media":6921,"comment_status":"closed","ping_status":"closed","sticky":false,"template":"","format":"standard","meta":{"footnotes":""},"categories":[3],"tags":[],"class_list":["post-6920","post","type-post","status-publish","format-standard","has-post-thumbnail","hentry","category-accueil"],"_links":{"self":[{"href":"http:\/\/anatem.info\/index.php?rest_route=\/wp\/v2\/posts\/6920","targetHints":{"allow":["GET"]}}],"collection":[{"href":"http:\/\/anatem.info\/index.php?rest_route=\/wp\/v2\/posts"}],"about":[{"href":"http:\/\/anatem.info\/index.php?rest_route=\/wp\/v2\/types\/post"}],"author":[{"embeddable":true,"href":"http:\/\/anatem.info\/index.php?rest_route=\/wp\/v2\/users\/2"}],"replies":[{"embeddable":true,"href":"http:\/\/anatem.info\/index.php?rest_route=%2Fwp%2Fv2%2Fcomments&post=6920"}],"version-history":[{"count":1,"href":"http:\/\/anatem.info\/index.php?rest_route=\/wp\/v2\/posts\/6920\/revisions"}],"predecessor-version":[{"id":6922,"href":"http:\/\/anatem.info\/index.php?rest_route=\/wp\/v2\/posts\/6920\/revisions\/6922"}],"wp:featuredmedia":[{"embeddable":true,"href":"http:\/\/anatem.info\/index.php?rest_route=\/wp\/v2\/media\/6921"}],"wp:attachment":[{"href":"http:\/\/anatem.info\/index.php?rest_route=%2Fwp%2Fv2%2Fmedia&parent=6920"}],"wp:term":[{"taxonomy":"category","embeddable":true,"href":"http:\/\/anatem.info\/index.php?rest_route=%2Fwp%2Fv2%2Fcategories&post=6920"},{"taxonomy":"post_tag","embeddable":true,"href":"http:\/\/anatem.info\/index.php?rest_route=%2Fwp%2Fv2%2Ftags&post=6920"}],"curies":[{"name":"wp","href":"https:\/\/api.w.org\/{rel}","templated":true}]}}