{"id":6929,"date":"2025-03-04T12:18:10","date_gmt":"2025-03-04T17:18:10","guid":{"rendered":"https:\/\/anatem.info\/?p=6929"},"modified":"2025-03-04T12:18:10","modified_gmt":"2025-03-04T17:18:10","slug":"lancement-de-loperation-dentraide-nationale-ramadan-1446-sur-hautes-instructions-royales-par-sar-le-prince-heritier-moulay-el-hassan-et-sar-la-princesse-lalla-khadija","status":"publish","type":"post","link":"http:\/\/anatem.info\/?p=6929","title":{"rendered":"Lancement de l&rsquo;op\u00e9ration d&rsquo;entraide nationale \u00ab\u00a0Ramadan 1446\u00a0\u00bb Sur Hautes Instructions Royales, par SAR le Prince H\u00e9ritier Moulay El Hassan et SAR la Princesse Lalla Khadija"},"content":{"rendered":"\n<p>Rabat, 03\/03\/2025 (MAP) &#8211; Sur Hautes Instructions de Sa Majest\u00e9 le Roi Mohammed VI, que Dieu L\u2019assiste, Son Altesse Royale le Prince H\u00e9ritier Moulay El Hassan et Son Altesse Royale la Princesse Lalla Khadija ont proc\u00e9d\u00e9, lundi au quartier Bouregreg (arrondissement Youssoufia) \u00e0 Rabat, au lancement de l&rsquo;op\u00e9ration nationale \u00ab\u00a0Ramadan 1446\u00a0\u00bb, initi\u00e9e par la Fondation Mohammed V pour la Solidarit\u00e9 \u00e0 l&rsquo;occasion du mois sacr\u00e9 de Ramadan et b\u00e9n\u00e9ficiant \u00e0 un million de m\u00e9nages, soit pr\u00e8s de 5 millions de personnes.<br><br>Hautement significative en ce mois b\u00e9ni, cette action de g\u00e9n\u00e9rosit\u00e9, devenue une tradition depuis plus de 25 ans, traduit la Haute Sollicitude constante de Sa Majest\u00e9 le Roi envers les populations en situation de vuln\u00e9rabilit\u00e9 sociale et vient consacrer les valeurs d&rsquo;humanit\u00e9, de solidarit\u00e9, d&rsquo;entraide et de partage, caract\u00e9ristiques de la soci\u00e9t\u00e9 marocaine.<br><br>Mobilisant une enveloppe budg\u00e9taire globale de 330 millions de dirhams, l\u2019op\u00e9ration \u00ab\u00a0Ramadan 1446\u00a0\u00bb, qui porte sur la distribution de 34.280 tonnes de produits alimentaires (farine, lait, riz, huile, sucre, concentr\u00e9 de tomates, vermicelle, lentilles et th\u00e9), vise \u00e0 apporter aide et r\u00e9confort aux cat\u00e9gories sociales les plus vuln\u00e9rables, notamment les veuves, les personnes \u00e2g\u00e9es et les personnes en situation de handicap.<br><br>Pour cette \u00e9dition, 74 pc des m\u00e9nages b\u00e9n\u00e9ficiaires r\u00e9sident en milieu rural et sont r\u00e9partis dans 1.054 communes, sur un total de 1.304 communes cibl\u00e9es \u00e0 travers l\u2019ensemble du territoire national.<br><br>De m\u00eame, conform\u00e9ment aux Hautes Orientations Royales, l\u2019\u00e9dition de cette ann\u00e9e se distingue par le recours, pour la premi\u00e8re fois, au Registre Social Unifi\u00e9-RSU, pour l\u2019actualisation, par le minist\u00e8re de l\u2019Int\u00e9rieur, des listes des m\u00e9nages b\u00e9n\u00e9ficiaires de l\u2019op\u00e9ration de soutien alimentaire.<br><br>En fait, ce syst\u00e8me d\u2019information national a \u00e9t\u00e9 mis en place par le minist\u00e8re de l\u2019Int\u00e9rieur pour permettre aux programmes d\u2019appui social de d\u00e9terminer l\u2019\u00e9ligibilit\u00e9 des m\u00e9nages selon des crit\u00e8res socio-\u00e9conomiques objectifs.<br><br>L\u2019op\u00e9ration nationale \u00ab\u00a0Ramadan 1446\u00a0\u00bb, organis\u00e9e avec le soutien financier du minist\u00e8re de l&rsquo;Int\u00e9rieur et du minist\u00e8re des Habous et des Affaires islamiques, s\u2019inscrit en droite ligne du programme humanitaire men\u00e9 par la Fondation Mohammed V pour la Solidarit\u00e9 et ayant pour objectif d\u2019apporter soutien aux personnes qui en ont le plus besoin, tout en valorisant la culture de solidarit\u00e9.<br><br>Pour le bon d\u00e9roulement de cette op\u00e9ration, des milliers de personnes sont mobilis\u00e9es, soutenues par des assistantes sociales et des b\u00e9n\u00e9voles, au niveau de points de distribution mis en place \u00e0 travers le territoire national.<br><br>La mise en \u0153uvre de cette initiative ob\u00e9it \u00e9galement \u00e0 des contr\u00f4les notamment au niveau de deux comit\u00e9s, l&rsquo;un local et l&rsquo;autre provincial, qui veillent sur le terrain au suivi de l&rsquo;approvisionnement des Centres de distribution et \u00e0 la distribution des denr\u00e9es alimentaires.<br><br>Les services sociaux des Forces Arm\u00e9es Royales, la Gendarmerie Royale, le minist\u00e8re de l&rsquo;Agriculture, de la P\u00eache maritime, du D\u00e9veloppement rural et des Eaux et For\u00eats, le minist\u00e8re de l&rsquo;?ducation nationale, du Pr\u00e9scolaire et des Sports, l\u2019Entraide nationale, la Promotion nationale, l\u2019Office national des Chemins de Fer, la Soci\u00e9t\u00e9 nationale des Transports et de la Logistique, l\u2019Office National de l\u2019\u00e9lectricit\u00e9 et de l&rsquo;Eau Potable, et les autorit\u00e9s locales pr\u00eatent \u00e9galement leur concours \u00e0 la Fondation Mohammed V pour la Solidarit\u00e9 pour assurer le bon d\u00e9roulement de cette op\u00e9ration solidaire.<br><br>Le minist\u00e8re de la Sant\u00e9 et de la Protection Sociale et l&rsquo;Office national de s\u00e9curit\u00e9 sanitaire des produits alimentaires (ONSSA) veillent, pour leur part, au contr\u00f4le de la qualit\u00e9 des produits alimentaires distribu\u00e9s.<br><br>A cette occasion, SAR le Prince H\u00e9ritier Moulay El Hassan et SAR la Princesse Lalla Khadija ont remis, \u00e0 titre symbolique, des paniers de denr\u00e9es alimentaires \u00e0 20 chefs ou repr\u00e9sentants de familles b\u00e9n\u00e9ficiaires de l\u2019op\u00e9ration \u00ab\u00a0Ramadan 1446\u00a0\u00bb, avant de poser pour une photo-souvenir avec des b\u00e9n\u00e9voles qui participent \u00e0 cette op\u00e9ration solidaire.<\/p>\n","protected":false},"excerpt":{"rendered":"<p>Rabat, 03\/03\/2025 (MAP) &#8211; Sur Hautes Instructions de Sa Majest\u00e9 le Roi Mohammed VI, que Dieu L\u2019assiste, Son Altesse Royale<\/p>\n","protected":false},"author":2,"featured_media":6930,"comment_status":"closed","ping_status":"closed","sticky":false,"template":"","format":"standard","meta":{"footnotes":""},"categories":[3,7],"tags":[],"class_list":["post-6929","post","type-post","status-publish","format-standard","has-post-thumbnail","hentry","category-accueil","category-presse-marocaine"],"_links":{"self":[{"href":"http:\/\/anatem.info\/index.php?rest_route=\/wp\/v2\/posts\/6929","targetHints":{"allow":["GET"]}}],"collection":[{"href":"http:\/\/anatem.info\/index.php?rest_route=\/wp\/v2\/posts"}],"about":[{"href":"http:\/\/anatem.info\/index.php?rest_route=\/wp\/v2\/types\/post"}],"author":[{"embeddable":true,"href":"http:\/\/anatem.info\/index.php?rest_route=\/wp\/v2\/users\/2"}],"replies":[{"embeddable":true,"href":"http:\/\/anatem.info\/index.php?rest_route=%2Fwp%2Fv2%2Fcomments&post=6929"}],"version-history":[{"count":1,"href":"http:\/\/anatem.info\/index.php?rest_route=\/wp\/v2\/posts\/6929\/revisions"}],"predecessor-version":[{"id":6931,"href":"http:\/\/anatem.info\/index.php?rest_route=\/wp\/v2\/posts\/6929\/revisions\/6931"}],"wp:featuredmedia":[{"embeddable":true,"href":"http:\/\/anatem.info\/index.php?rest_route=\/wp\/v2\/media\/6930"}],"wp:attachment":[{"href":"http:\/\/anatem.info\/index.php?rest_route=%2Fwp%2Fv2%2Fmedia&parent=6929"}],"wp:term":[{"taxonomy":"category","embeddable":true,"href":"http:\/\/anatem.info\/index.php?rest_route=%2Fwp%2Fv2%2Fcategories&post=6929"},{"taxonomy":"post_tag","embeddable":true,"href":"http:\/\/anatem.info\/index.php?rest_route=%2Fwp%2Fv2%2Ftags&post=6929"}],"curies":[{"name":"wp","href":"https:\/\/api.w.org\/{rel}","templated":true}]}}