{"id":6938,"date":"2025-03-12T14:19:24","date_gmt":"2025-03-12T19:19:24","guid":{"rendered":"https:\/\/anatem.info\/?p=6938"},"modified":"2025-03-12T14:23:57","modified_gmt":"2025-03-12T19:23:57","slug":"fouzi-lekjaa-reelu-membre-du-conseil-de-la-fifa-par-une-majorite-ecrasante","status":"publish","type":"post","link":"http:\/\/anatem.info\/?p=6938","title":{"rendered":"Fouzi Lekjaa r\u00e9\u00e9lu membre du Conseil de la FIFA par une majorit\u00e9 \u00e9crasante"},"content":{"rendered":"\n<p>Le pr\u00e9sident de la F\u00e9d\u00e9ration Royale Marocaine de Football (FRMF), Fouzi Lekjaa vient d\u2019\u00eatre r\u00e9\u00e9lu, par une majorit\u00e9 \u00e9crasante (49 voix sur 52), membre du Conseil de la F\u00e9d\u00e9ration Internationale de Football Association (FIFA), lors de l\u2019Assembl\u00e9e G\u00e9n\u00e9rale extraordinaire (AGE) de la Conf\u00e9d\u00e9ration Africaine de Football (CAF) qui s\u2019est tenue au Caire ce mercredi 12 mars 2025.<\/p>\n\n\n\n<p>L\u2019AGE, qui a \u00e9galement confirm\u00e9 la r\u00e9\u00e9lection du Sud-Africain Patrice Motsebi pour un second mandat \u00e0 la t\u00eate de la CAF, a aussi permis l\u2019\u00e9lection, aux c\u00f4t\u00e9s du Marocain Fouzi Lekjaa, de l\u2019?gyptien Hani Aboo Ridha (avec 35 voix), du Nig\u00e9rien Djibrilla Hima (\u00e9galement avec 35 voix), de la Comorienne Kanizat Ibrahim (avec 30 voix) et du Mauritanien Ahmed Yahya ainsi que du Djiboutien Souleymane Waberi, qui, avec 29 voix chacun, compl\u00e8tent la liste des repr\u00e9sentants de la CAF au sein du Conseil de la FIFA.<\/p>\n\n\n\n<p>Tout en soulignant que le mandat de ces repr\u00e9sentants prendra fin en 2029, rappelons que Lekjaa, qui est \u00e0 la t\u00eate de la FRMF depuis 2014, fut \u00e9lu au Comit\u00e9 ex\u00e9cutif (Comex) de la CAF comme repr\u00e9sentant la r\u00e9gion nord-africaine, lors de de la 39? Assembl\u00e9e G\u00e9n\u00e9rale \u00e0 Addis-Abeba en mars 2017, avec 41 voix; bien loin devant le candidat alg\u00e9rien qui n\u2019avait obtenu que 7 voix. Cette nouvelle r\u00e9\u00e9lection va conforter sa position sur la sc\u00e8ne footballistique r\u00e9gionale et internationale tout en lui permettant de continuer de si\u00e9ger au sein du Comex de la CAF.<\/p>\n","protected":false},"excerpt":{"rendered":"<p>Le pr\u00e9sident de la F\u00e9d\u00e9ration Royale Marocaine de Football (FRMF), Fouzi Lekjaa vient d\u2019\u00eatre r\u00e9\u00e9lu, par une majorit\u00e9 \u00e9crasante (49<\/p>\n","protected":false},"author":2,"featured_media":6940,"comment_status":"closed","ping_status":"closed","sticky":false,"template":"","format":"standard","meta":{"footnotes":""},"categories":[62,5,7],"tags":[],"class_list":["post-6938","post","type-post","status-publish","format-standard","has-post-thumbnail","hentry","category-afrique","category-maghreb-news","category-presse-marocaine"],"_links":{"self":[{"href":"http:\/\/anatem.info\/index.php?rest_route=\/wp\/v2\/posts\/6938","targetHints":{"allow":["GET"]}}],"collection":[{"href":"http:\/\/anatem.info\/index.php?rest_route=\/wp\/v2\/posts"}],"about":[{"href":"http:\/\/anatem.info\/index.php?rest_route=\/wp\/v2\/types\/post"}],"author":[{"embeddable":true,"href":"http:\/\/anatem.info\/index.php?rest_route=\/wp\/v2\/users\/2"}],"replies":[{"embeddable":true,"href":"http:\/\/anatem.info\/index.php?rest_route=%2Fwp%2Fv2%2Fcomments&post=6938"}],"version-history":[{"count":1,"href":"http:\/\/anatem.info\/index.php?rest_route=\/wp\/v2\/posts\/6938\/revisions"}],"predecessor-version":[{"id":6939,"href":"http:\/\/anatem.info\/index.php?rest_route=\/wp\/v2\/posts\/6938\/revisions\/6939"}],"wp:featuredmedia":[{"embeddable":true,"href":"http:\/\/anatem.info\/index.php?rest_route=\/wp\/v2\/media\/6940"}],"wp:attachment":[{"href":"http:\/\/anatem.info\/index.php?rest_route=%2Fwp%2Fv2%2Fmedia&parent=6938"}],"wp:term":[{"taxonomy":"category","embeddable":true,"href":"http:\/\/anatem.info\/index.php?rest_route=%2Fwp%2Fv2%2Fcategories&post=6938"},{"taxonomy":"post_tag","embeddable":true,"href":"http:\/\/anatem.info\/index.php?rest_route=%2Fwp%2Fv2%2Ftags&post=6938"}],"curies":[{"name":"wp","href":"https:\/\/api.w.org\/{rel}","templated":true}]}}