{"id":6942,"date":"2025-03-26T17:17:29","date_gmt":"2025-03-26T22:17:29","guid":{"rendered":"https:\/\/anatem.info\/?p=6942"},"modified":"2025-03-26T17:23:31","modified_gmt":"2025-03-26T22:23:31","slug":"sm-le-roi-mohammed-vi-amir-al-mouminine-presidera-une-veillee-religieuse-en-commemoration-de-laylat-al-qadr","status":"publish","type":"post","link":"http:\/\/anatem.info\/?p=6942","title":{"rendered":"SM le Roi Mohammed VI, Amir Al Mouminine, pr\u00e9side une veill\u00e9e religieuse en comm\u00e9moration de Laylat Al Qadr"},"content":{"rendered":"\n<p>Le Souverain Marocain, SM le Roi Mohammed VI, pr\u00e9side , en tant qu&rsquo;Amir Al Mouminine, une veill\u00e9e religieuse en comm\u00e9moration de Laylat Al Qadr, le 26 Ramadan 1446 de l\u2019H\u00e9gire, correspondant au 27 mars 2025 au Palais Royal de Rabat, et ce, \u00ab\u00a0<em>malgr\u00e9 certaines contraintes et difficult\u00e9s li\u00e9es \u00e0 certains mouvements et positions, cons\u00e9cutives \u00e0 l\u2019op\u00e9ration chirurgicale que le Souverain avait subie au niveau de l\u2019\u00e9paule gauch<\/em>e\u00a0\u00bb. C&rsquo;est ce qui est rapport\u00e9 dans un communiqu\u00e9 du minist\u00e8re de la Maison Royale, du Protocole et de la Chancellerie qui pr\u00e9cise que, eu \u00e9gard \u00e0 ces contraintes, \u00ab\u00a0<em>Sa Majest\u00e9 le Roi, Amir Al Mouminine, que Dieu Le pr\u00e9serve, et en application du verset coranique: \u201cQui, debout, assis, couch\u00e9s sur leurs c\u00f4t\u00e9s, invoquent Allah\u201d, accomplira, s\u2019il pla\u00eet \u00e0 Dieu, la pri\u00e8re d\u2019Al-Icha et les Tarawih en position assise<\/em>\u00ab\u00a0. <\/p>\n\n\n\n<p>Et le communiqu\u00e9 de souligner que <em>la veill\u00e9e religieuse sera retransmise en direct sur les ondes de la radio et \u00e0 la t\u00e9l\u00e9vision \u00e0 l\u2019heure de l\u2019appel \u00e0 la pri\u00e8re d\u2019Al-Icha<\/em>.<\/p>\n\n\n\n<p>Puisse Dieu pr\u00e9server Sa Majest\u00e9 le Roi, perp\u00e9tuer sur Lui les bienfaits de la sant\u00e9 et du bien-\u00eatre et Le combler en les personnes de SAR le Prince H\u00e9ritier Moulay El Hassan, de SAR le Prince Moulay Rachid et de l\u2019ensemble des membres de l\u2019Illustre Famille Royale. Dieu L\u2019Audient exauce les v\u0153ux de ceux qui L\u2019implorent\u201d.<\/p>\n\n\n\n<p><\/p>\n","protected":false},"excerpt":{"rendered":"<p>Le Souverain Marocain, SM le Roi Mohammed VI, pr\u00e9side , en tant qu&rsquo;Amir Al Mouminine, une veill\u00e9e religieuse en comm\u00e9moration<\/p>\n","protected":false},"author":2,"featured_media":431,"comment_status":"closed","ping_status":"closed","sticky":false,"template":"","format":"standard","meta":{"footnotes":""},"categories":[3,62,5,7,8],"tags":[],"class_list":["post-6942","post","type-post","status-publish","format-standard","has-post-thumbnail","hentry","category-accueil","category-afrique","category-maghreb-news","category-presse-marocaine","category-provinces-du-sud"],"_links":{"self":[{"href":"http:\/\/anatem.info\/index.php?rest_route=\/wp\/v2\/posts\/6942","targetHints":{"allow":["GET"]}}],"collection":[{"href":"http:\/\/anatem.info\/index.php?rest_route=\/wp\/v2\/posts"}],"about":[{"href":"http:\/\/anatem.info\/index.php?rest_route=\/wp\/v2\/types\/post"}],"author":[{"embeddable":true,"href":"http:\/\/anatem.info\/index.php?rest_route=\/wp\/v2\/users\/2"}],"replies":[{"embeddable":true,"href":"http:\/\/anatem.info\/index.php?rest_route=%2Fwp%2Fv2%2Fcomments&post=6942"}],"version-history":[{"count":7,"href":"http:\/\/anatem.info\/index.php?rest_route=\/wp\/v2\/posts\/6942\/revisions"}],"predecessor-version":[{"id":6949,"href":"http:\/\/anatem.info\/index.php?rest_route=\/wp\/v2\/posts\/6942\/revisions\/6949"}],"wp:featuredmedia":[{"embeddable":true,"href":"http:\/\/anatem.info\/index.php?rest_route=\/wp\/v2\/media\/431"}],"wp:attachment":[{"href":"http:\/\/anatem.info\/index.php?rest_route=%2Fwp%2Fv2%2Fmedia&parent=6942"}],"wp:term":[{"taxonomy":"category","embeddable":true,"href":"http:\/\/anatem.info\/index.php?rest_route=%2Fwp%2Fv2%2Fcategories&post=6942"},{"taxonomy":"post_tag","embeddable":true,"href":"http:\/\/anatem.info\/index.php?rest_route=%2Fwp%2Fv2%2Ftags&post=6942"}],"curies":[{"name":"wp","href":"https:\/\/api.w.org\/{rel}","templated":true}]}}