{"id":7147,"date":"2025-07-04T08:48:48","date_gmt":"2025-07-04T13:48:48","guid":{"rendered":"https:\/\/anatem.info\/?p=7147"},"modified":"2025-07-04T08:55:11","modified_gmt":"2025-07-04T13:55:11","slug":"le-guatemala-et-lequateur-appuient-linitiative-dautonomie-presentee-par-le-maroc-en-2007-pour-resoudre-le-differend-regional-autour-du-sahara-marocain","status":"publish","type":"post","link":"http:\/\/anatem.info\/?p=7147","title":{"rendered":"Le Guatemala et l&rsquo;\u2019Equateur appuient l\u2019initiative d\u2019autonomie pr\u00e9sent\u00e9e par le Maroc en 2007 pour r\u00e9soudre le diff\u00e9rend\u201d r\u00e9gional autour du Sahara marocain"},"content":{"rendered":"\n<p>Le Guatemala, qui fut le premier pays de l&rsquo;Am\u00e9rique Latine \u00e0 ouvrir un Consulat G\u00e9n\u00e9ral dans la ville de Dakhla, en d\u00e9cembre 2022, vient de rappeler, le jeudi 3 juillet 2025, que l\u2019initiative d\u2019autonomie, pr\u00e9sent\u00e9e par le Maroc en 2007, est \u201c<em>l\u2019unique base s\u00e9rieuse, cr\u00e9dible et r\u00e9aliste pour progresser vers un accord durable pour un r\u00e8glement d\u00e9finitif de ce conflit artificiel, dans le plein respect de l\u2019int\u00e9grit\u00e9 territoriale du Royaume et de sa souverainet\u00e9 nationale<\/em>\u201d.<\/p>\n\n\n\n<p>C&rsquo;est le ministre des Relations ext\u00e9rieures de la R\u00e9publique du Guatemala, Carlos Ramiro Martinez Alvarado, qui a r\u00e9it\u00e9r\u00e9 cette position de son pays, quant \u00e0 la souverainet\u00e9 du Maroc sur tout son territoire, lors d\u2019un point de presse \u00e0 l\u2019issue de sa rencontre, \u00e0 Rabat, avec le ministre des Affaires \u00e9trang\u00e8res, de la Coop\u00e9ration africaine et des Marocains r\u00e9sidant \u00e0 l\u2019\u00e9tranger, Nasser Bourita.<\/p>\n\n\n\n<p>Le chef de la diplomatie guat\u00e9malt\u00e8que, qui a \u00e9galement fait part de l\u2019appui total de son pays aux efforts d\u00e9ploy\u00e9s par le Royaume du Maroc pour parvenir \u00ab\u00a0<em>\u00e0 une solution politique, r\u00e9aliste, pragmatique, durable et mutuellement acceptable \u00e0 ce diff\u00e9rend r\u00e9gional<\/em>\u00ab\u00a0, s&rsquo;est joint \u00e0 son homologue marocain pour souligner l&rsquo;attachement de leurs pays \u00e0 \u00ab\u00a0<em>la sacralit\u00e9 des principes de souverainet\u00e9 et d\u2019int\u00e9grit\u00e9 territoriale<\/em>\u00ab\u00a0.<\/p>\n\n\n\n<p>La ministre des Relations ext\u00e9rieures et de la Mobilit\u00e9 humaine de la R\u00e9publique d\u2019?quateur, Gabriela Sommerfeld, a abond\u00e9 dans le m\u00eame sens, ce vendredi 4 juillet 2025, lors du point de presse tenu \u00e0 l\u2019issue de sa rencontre avec on homologue marocain, Nasser Bourita.<\/p>\n\n\n\n<p>Il y a lieu de rappeler que la R\u00e9publique d\u2019Equateur avait retir\u00e9, le 22 octobre 2024, sa reconnaissance de la pseudo \u201crasd\u201d et mis un terme \u00e0 tout contact avec cette entit\u00e9 fantomatique.<\/p>\n\n\n\n<p>La r\u00e9daction avec la MAP<\/p>\n\n\n\n<p><\/p>\n","protected":false},"excerpt":{"rendered":"<p>Le Guatemala, qui fut le premier pays de l&rsquo;Am\u00e9rique Latine \u00e0 ouvrir un Consulat G\u00e9n\u00e9ral dans la ville de Dakhla,<\/p>\n","protected":false},"author":2,"featured_media":7150,"comment_status":"closed","ping_status":"closed","sticky":false,"template":"","format":"standard","meta":{"footnotes":""},"categories":[3,62,8],"tags":[],"class_list":["post-7147","post","type-post","status-publish","format-standard","has-post-thumbnail","hentry","category-accueil","category-afrique","category-provinces-du-sud"],"_links":{"self":[{"href":"http:\/\/anatem.info\/index.php?rest_route=\/wp\/v2\/posts\/7147","targetHints":{"allow":["GET"]}}],"collection":[{"href":"http:\/\/anatem.info\/index.php?rest_route=\/wp\/v2\/posts"}],"about":[{"href":"http:\/\/anatem.info\/index.php?rest_route=\/wp\/v2\/types\/post"}],"author":[{"embeddable":true,"href":"http:\/\/anatem.info\/index.php?rest_route=\/wp\/v2\/users\/2"}],"replies":[{"embeddable":true,"href":"http:\/\/anatem.info\/index.php?rest_route=%2Fwp%2Fv2%2Fcomments&post=7147"}],"version-history":[{"count":2,"href":"http:\/\/anatem.info\/index.php?rest_route=\/wp\/v2\/posts\/7147\/revisions"}],"predecessor-version":[{"id":7149,"href":"http:\/\/anatem.info\/index.php?rest_route=\/wp\/v2\/posts\/7147\/revisions\/7149"}],"wp:featuredmedia":[{"embeddable":true,"href":"http:\/\/anatem.info\/index.php?rest_route=\/wp\/v2\/media\/7150"}],"wp:attachment":[{"href":"http:\/\/anatem.info\/index.php?rest_route=%2Fwp%2Fv2%2Fmedia&parent=7147"}],"wp:term":[{"taxonomy":"category","embeddable":true,"href":"http:\/\/anatem.info\/index.php?rest_route=%2Fwp%2Fv2%2Fcategories&post=7147"},{"taxonomy":"post_tag","embeddable":true,"href":"http:\/\/anatem.info\/index.php?rest_route=%2Fwp%2Fv2%2Ftags&post=7147"}],"curies":[{"name":"wp","href":"https:\/\/api.w.org\/{rel}","templated":true}]}}