{"id":7152,"date":"2025-07-13T10:17:17","date_gmt":"2025-07-13T15:17:17","guid":{"rendered":"https:\/\/anatem.info\/?p=7152"},"modified":"2025-07-13T10:20:17","modified_gmt":"2025-07-13T15:20:17","slug":"algerie-les-tuiles-se-suivent-et-font-de-plus-en-plus-mal","status":"publish","type":"post","link":"http:\/\/anatem.info\/?p=7152","title":{"rendered":"Alg\u00e9rie : Les tuiles se suivent et&#8230; font de plus en plus mal"},"content":{"rendered":"\n<p>Moins de 24 heures apr\u00e8s la d\u00e9cision am\u00e9ricaine d&rsquo;imposer \u00e0 l&rsquo;Alg\u00e9rie une taxe douani\u00e8re de 30%, voil\u00e0 l\u2019Union europ\u00e9enne qui classe officiellement ce pays parmi les juridictions \u00e0 haut risque en mati\u00e8re de blanchiment d\u2019argent et de financement du terrorisme. Selon un communiqu\u00e9 de l&rsquo;UE, ce classement est fond\u00e9 sur \u00ab\u00a0des crit\u00e8res sp\u00e9cifiques et une m\u00e9thodologie bien d\u00e9finie, en int\u00e9grant les informations recueillies par l&rsquo;interm\u00e9diaire du Groupe d&rsquo;action financi\u00e8re (GAFI), les dialogues bilat\u00e9raux et les visites sur place dans les juridictions en question\u00a0\u00bb.<\/p>\n\n\n\n<p>Cette inscription qui \u00ab\u00a0impose des obligations de vigilance renforc\u00e9e aux institutions financi\u00e8res europ\u00e9ennes\u00a0\u00bb tombe on ne peut plus mal pour ce pays, en mal de cr\u00e9dibilit\u00e9, dont l&rsquo;isolement international va en s&rsquo;amplifiant, et ce, en se mettant maintenant \u00e0 dos deux g\u00e9ants de l&rsquo;\u00e9conomie occidentales : l&rsquo;UE et les USA . Ces derniers (les USA) d\u00e9non\u00e7ant un d\u00e9ficit commercial \u00ab insoutenable \u00bb ainsi que des pratiques jug\u00e9es contraires \u00e0 sa s\u00e9curit\u00e9 \u00e9conomique et mena\u00e7ant d&rsquo;ajouter, \u00e0 la taxe douani\u00e8re de 30%, tout pourcentage \u00e9manant d&rsquo;\u00e9ventuelles mesures de r\u00e9torsion de la part d&rsquo;Alger.<\/p>\n\n\n\n<p>La R\u00e9daction.<\/p>\n","protected":false},"excerpt":{"rendered":"<p>Moins de 24 heures apr\u00e8s la d\u00e9cision am\u00e9ricaine d&rsquo;imposer \u00e0 l&rsquo;Alg\u00e9rie une taxe douani\u00e8re de 30%, voil\u00e0 l\u2019Union europ\u00e9enne qui<\/p>\n","protected":false},"author":2,"featured_media":4850,"comment_status":"closed","ping_status":"closed","sticky":false,"template":"","format":"standard","meta":{"footnotes":""},"categories":[3,62],"tags":[],"class_list":["post-7152","post","type-post","status-publish","format-standard","has-post-thumbnail","hentry","category-accueil","category-afrique"],"_links":{"self":[{"href":"http:\/\/anatem.info\/index.php?rest_route=\/wp\/v2\/posts\/7152","targetHints":{"allow":["GET"]}}],"collection":[{"href":"http:\/\/anatem.info\/index.php?rest_route=\/wp\/v2\/posts"}],"about":[{"href":"http:\/\/anatem.info\/index.php?rest_route=\/wp\/v2\/types\/post"}],"author":[{"embeddable":true,"href":"http:\/\/anatem.info\/index.php?rest_route=\/wp\/v2\/users\/2"}],"replies":[{"embeddable":true,"href":"http:\/\/anatem.info\/index.php?rest_route=%2Fwp%2Fv2%2Fcomments&post=7152"}],"version-history":[{"count":4,"href":"http:\/\/anatem.info\/index.php?rest_route=\/wp\/v2\/posts\/7152\/revisions"}],"predecessor-version":[{"id":7156,"href":"http:\/\/anatem.info\/index.php?rest_route=\/wp\/v2\/posts\/7152\/revisions\/7156"}],"wp:featuredmedia":[{"embeddable":true,"href":"http:\/\/anatem.info\/index.php?rest_route=\/wp\/v2\/media\/4850"}],"wp:attachment":[{"href":"http:\/\/anatem.info\/index.php?rest_route=%2Fwp%2Fv2%2Fmedia&parent=7152"}],"wp:term":[{"taxonomy":"category","embeddable":true,"href":"http:\/\/anatem.info\/index.php?rest_route=%2Fwp%2Fv2%2Fcategories&post=7152"},{"taxonomy":"post_tag","embeddable":true,"href":"http:\/\/anatem.info\/index.php?rest_route=%2Fwp%2Fv2%2Ftags&post=7152"}],"curies":[{"name":"wp","href":"https:\/\/api.w.org\/{rel}","templated":true}]}}