{"id":7322,"date":"2025-10-21T12:54:28","date_gmt":"2025-10-21T17:54:28","guid":{"rendered":"https:\/\/anatem.info\/?p=7322"},"modified":"2025-10-22T07:53:39","modified_gmt":"2025-10-22T12:53:39","slug":"coupe-du-monde-u20-au-dela-de-la-victoire-dune-generation-cest-a-la-coherence-dune-politique-eclairee-que-le-maroc-rend-hommage-aujourdhui","status":"publish","type":"post","link":"http:\/\/anatem.info\/?p=7322","title":{"rendered":"Coupe du Monde U20 : Au del\u00e0 de la Victoire d&rsquo;une g\u00e9n\u00e9ration, c&rsquo;est \u00e0 la coh\u00e9rence d&rsquo;une politique \u00e9clair\u00e9e que le Maroc rend hommage aujourd&rsquo;hui"},"content":{"rendered":"\n<blockquote class=\"wp-block-quote is-layout-flow wp-block-quote-is-layout-flow\">\n<p><strong><em>Nous venons d&rsquo;apprendre que Sa Majest\u00e9 le Roi, que Dieu L\u2019assiste, recevra les membres de l\u2019\u00e9quipe nationale au Palais Royal de Rabat, ce mercredi 22 octobre 2025, avant qu\u2019un accueil populaire ne leur soit r\u00e9serv\u00e9 juste apr\u00e8s leur sortie du Palais Royal, vers 18H30, en passant par Bab Essoufara puis l\u2019Avenue Mohammed V.<\/em><\/strong><\/p>\n<\/blockquote>\n\n\n\n<p>Les sports en g\u00e9n\u00e9ral, et le football en particulier, ont cette magie; ce pouvoir d&rsquo;unir, de cultiver la \u00ab\u00a0confiance en soi\u00a0\u00bb collective et d&rsquo;aboutir \u00e0 une fiert\u00e9 nationale, r\u00e9gionale voire mondiale !<\/p>\n\n\n\n<p>L&rsquo;universalit\u00e9 de ce sport fait que l&rsquo;Excellence y est la meilleure carte de visite pour un pays en qu\u00eate de susciter l\u2019int\u00e9r\u00eat international et d&rsquo;attirer sur lui l&rsquo;attention, aussi bien du simple touriste que de l&rsquo;investisseur, sur ses potentialit\u00e9s aussi bien \u00e9conomiques que culturelles ou sociales ! En effet, \u00e0 part probablement la glorieuse Marche Verte ayant permis de lib\u00e9rer le Sahara du joug colonial espagnol, jamais on n&rsquo;a autant parl\u00e9 du Maroc de part le Monde qu&rsquo;apr\u00e8s cette belle victoire des lionceaux sur l&rsquo;\u00e9quipe de l&rsquo;Argentine; victoire qui a fait d&rsquo;eux la premi\u00e8re \u00e9quipe arabe \u00e0  \u00eatre sacr\u00e9e Championne du monde U20 !<\/p>\n\n\n\n<p>Ce Soft-Power; cette diplomatie parall\u00e8le du sport, le Maroc en fut conscient ne serait-ce qu&rsquo;apr\u00e8s les Assises nationales du sport en 2008, quand Sa Majest\u00e9 Mohammed VI donna ses instructions pour faire du sport un levier de d\u00e9veloppement humain, social et territorial. Suivit, en 2010, l&rsquo;inauguration de l&rsquo;Acad\u00e9mie Mohammed VI de football (AMF), qui s&rsquo;inscrit dans la vision royale d\u2019un sport formateur et d\u2019un encadrement professionnel ayant vite fait de devenir un \u00ab\u00a0creuset d\u2019excellence\u00a0\u00bb; formant des talents dont certains ont \u00e9volu\u00e9 dans l&rsquo;\u00e9quipe nationale \u00ab\u00a0Les Lions de l\u2019Atlas\u00a0\u00bb  ayant men\u00e9 le Maroc jusqu&rsquo;\u00e0 la demie-finale du Mondial 2022.<\/p>\n\n\n\n<p>Ceci, sans oublier bien-s\u00fbr que cinq joueurs de la s\u00e9lection mondiale U20 sont issus de l&rsquo;AMF. Il s&rsquo;agit de :<\/p>\n\n\n\n<ul class=\"wp-block-list\">\n<li>Yassir Zabir;<\/li>\n\n\n\n<li>Othmane Kountoune;<\/li>\n\n\n\n<li>Fouad Zahouani;<\/li>\n\n\n\n<li>Houssam Essadak;<\/li>\n\n\n\n<li>Yassine Khalifi.<\/li>\n<\/ul>\n\n\n\n<p>La victoire historique des Lionceaux, vient souligner, si besoin en est, la justesse de cette politique sportive marocaine pens\u00e9e, structur\u00e9e et port\u00e9e par Sa Majest\u00e9 le Roi Mohammed VI.<\/p>\n\n\n\n<p>En effet, et outre la cr\u00e9ation de l&rsquo;AMF, le Maroc, suite aux directives royales, a d\u00e9mocratis\u00e9 le sport, permettant l\u2019\u00e9panouissement d&rsquo;une jeunesse talentueuse, disciplin\u00e9e et confiante, et ce, en multipliant terrains de proximit\u00e9, centres de formation r\u00e9gionaux et \u00e9quipements modernes.<\/p>\n\n\n\n<p>Le football f\u00e9minin n&rsquo;est pas du reste et la premi\u00e8re qualification \u00e0 la Coupe du monde; ajout\u00e9e \u00e0 une finale continentale, soulignent \u00ab\u00a0<em>la dimension inclusive et \u00e9quilibr\u00e9e<\/em>\u00a0\u00bb de la vision royale \u00e0 moyen et long terme dont le Maroc commence \u00e0 r\u00e9colter les fruits avec cette \u00e9clatante victoire des Lionceaux permettant au Maroc d&rsquo;asseoir sa notori\u00e9t\u00e9;  c\u00f4t\u00e9 football africain et arabe. <\/p>\n\n\n\n<p>Au del\u00e0 de la Victoire d&rsquo;une g\u00e9n\u00e9ration, c&rsquo;est \u00e0 la coh\u00e9rence et \u00e0 la sagesse d&rsquo;une politique \u00e9clair\u00e9e que le Royaume rend hommage aujourd&rsquo;hui,  une politique qui a fait du sport un moteur de progr\u00e8s et de rayonnement de tout un pays.<\/p>\n\n\n\n<p>A. Mounir El Atlassi<\/p>\n\n\n\n<p><\/p>\n","protected":false},"excerpt":{"rendered":"<p>Nous venons d&rsquo;apprendre que Sa Majest\u00e9 le Roi, que Dieu L\u2019assiste, recevra les membres de l\u2019\u00e9quipe nationale au Palais Royal<\/p>\n","protected":false},"author":2,"featured_media":7323,"comment_status":"closed","ping_status":"closed","sticky":false,"template":"","format":"standard","meta":{"footnotes":""},"categories":[3,62,5,7],"tags":[],"class_list":["post-7322","post","type-post","status-publish","format-standard","has-post-thumbnail","hentry","category-accueil","category-afrique","category-maghreb-news","category-presse-marocaine"],"_links":{"self":[{"href":"http:\/\/anatem.info\/index.php?rest_route=\/wp\/v2\/posts\/7322","targetHints":{"allow":["GET"]}}],"collection":[{"href":"http:\/\/anatem.info\/index.php?rest_route=\/wp\/v2\/posts"}],"about":[{"href":"http:\/\/anatem.info\/index.php?rest_route=\/wp\/v2\/types\/post"}],"author":[{"embeddable":true,"href":"http:\/\/anatem.info\/index.php?rest_route=\/wp\/v2\/users\/2"}],"replies":[{"embeddable":true,"href":"http:\/\/anatem.info\/index.php?rest_route=%2Fwp%2Fv2%2Fcomments&post=7322"}],"version-history":[{"count":3,"href":"http:\/\/anatem.info\/index.php?rest_route=\/wp\/v2\/posts\/7322\/revisions"}],"predecessor-version":[{"id":7326,"href":"http:\/\/anatem.info\/index.php?rest_route=\/wp\/v2\/posts\/7322\/revisions\/7326"}],"wp:featuredmedia":[{"embeddable":true,"href":"http:\/\/anatem.info\/index.php?rest_route=\/wp\/v2\/media\/7323"}],"wp:attachment":[{"href":"http:\/\/anatem.info\/index.php?rest_route=%2Fwp%2Fv2%2Fmedia&parent=7322"}],"wp:term":[{"taxonomy":"category","embeddable":true,"href":"http:\/\/anatem.info\/index.php?rest_route=%2Fwp%2Fv2%2Fcategories&post=7322"},{"taxonomy":"post_tag","embeddable":true,"href":"http:\/\/anatem.info\/index.php?rest_route=%2Fwp%2Fv2%2Ftags&post=7322"}],"curies":[{"name":"wp","href":"https:\/\/api.w.org\/{rel}","templated":true}]}}