{"id":7335,"date":"2025-10-25T06:13:57","date_gmt":"2025-10-25T11:13:57","guid":{"rendered":"https:\/\/anatem.info\/?p=7335"},"modified":"2025-10-25T06:13:57","modified_gmt":"2025-10-25T11:13:57","slug":"la-belgique-soutient-linitiative-marocaine-dautonomie-inscrivant-la-region-du-sahara-dans-le-cadre-de-la-souverainete-du-royaume-et-de-son-unite-nationale-et-agira","status":"publish","type":"post","link":"http:\/\/anatem.info\/?p=7335","title":{"rendered":"La Belgique soutient l\u2019Initiative marocaine d\u2019autonomie inscrivant la r\u00e9gion du Sahara \u201cdans le cadre de la souverainet\u00e9 du Royaume et de son unit\u00e9 nationale\u201d et agira \u201cd\u00e8s \u00e0 pr\u00e9sent sur les plans diplomatique et \u00e9conomique en phase avec cette position\u201d"},"content":{"rendered":"\n<p>Bruxelles, le 23 octobre 2025 (MAP)  \u2013 La Belgique a exprim\u00e9, ce jeudi 23 octobre 2025, son soutien \u00e0 l\u2019Initiative d\u2019autonomie, pr\u00e9sent\u00e9e par le Maroc en 2007, inscrivant la r\u00e9gion du Sahara \u201cdans le cadre de la souverainet\u00e9 du Royaume et de son unit\u00e9 nationale\u201d, affirmant qu\u2019elle agira \u201cd\u00e8s \u00e0 pr\u00e9sent sur les plans diplomatique et \u00e9conomique en phase avec cette position\u201d.<\/p>\n\n\n\n<p>Cette position a \u00e9t\u00e9 exprim\u00e9e dans la D\u00e9claration conjointe sign\u00e9e par le ministre des Affaires \u00e9trang\u00e8res, de la Coop\u00e9ration africaine et des Marocains r\u00e9sidant \u00e0 l\u2019\u00e9tranger, Nasser Bourita, et le Vice-Premier ministre et ministre des Affaires \u00e9trang\u00e8res, des Affaires europ\u00e9ennes et de la Coop\u00e9ration au d\u00e9veloppement du Royaume de Belgique, Maxime Pr\u00e9vot, \u00e0 l\u2019issue de leur rencontre aujourd\u2019hui \u00e0 Bruxelles.<\/p>\n\n\n\n<p>Consciente de \u201cl\u2019importance existentielle de la question du Sahara\u201d pour le Royaume, la Belgique consid\u00e8re, dans la m\u00eame D\u00e9claration conjointe, que l\u2019Initiative d\u2019autonomie pr\u00e9sent\u00e9e par le Maroc en 2007 constitue \u201cla base la plus ad\u00e9quate, s\u00e9rieuse, cr\u00e9dible et r\u00e9aliste pour parvenir \u00e0 une solution politique\u201d.<\/p>\n\n\n\n<p>De son c\u00f4t\u00e9, M. Bourita s\u2019est f\u00e9licit\u00e9 de cette \u00e9volution significative de la position belge, la qualifiant de \u201creconnaissance claire du r\u00e9alisme et de la l\u00e9gitimit\u00e9 de la vision port\u00e9e par Sa Majest\u00e9 le Roi Mohammed VI, que Dieu L\u2019assiste, pour le r\u00e8glement d\u00e9finitif de ce diff\u00e9rend r\u00e9gional\u201d.<\/p>\n\n\n\n<p>Cette nouvelle position s\u2019inscrit dans la dynamique internationale de soutien \u00e0 l\u2019Initiative marocaine d\u2019autonomie, d\u00e9j\u00e0 appuy\u00e9e par de nombreux pays de toutes les r\u00e9gions du monde, et traduit une convergence croissante autour d\u2019une approche pragmatique, fond\u00e9e sur le dialogue, la stabilit\u00e9 et la coop\u00e9ration r\u00e9gionale.<\/p>\n","protected":false},"excerpt":{"rendered":"<p>Bruxelles, le 23 octobre 2025 (MAP) \u2013 La Belgique a exprim\u00e9, ce jeudi 23 octobre 2025, son soutien \u00e0 l\u2019Initiative<\/p>\n","protected":false},"author":2,"featured_media":7336,"comment_status":"closed","ping_status":"closed","sticky":false,"template":"","format":"standard","meta":{"footnotes":""},"categories":[3,62,7,8],"tags":[],"class_list":["post-7335","post","type-post","status-publish","format-standard","has-post-thumbnail","hentry","category-accueil","category-afrique","category-presse-marocaine","category-provinces-du-sud"],"_links":{"self":[{"href":"http:\/\/anatem.info\/index.php?rest_route=\/wp\/v2\/posts\/7335","targetHints":{"allow":["GET"]}}],"collection":[{"href":"http:\/\/anatem.info\/index.php?rest_route=\/wp\/v2\/posts"}],"about":[{"href":"http:\/\/anatem.info\/index.php?rest_route=\/wp\/v2\/types\/post"}],"author":[{"embeddable":true,"href":"http:\/\/anatem.info\/index.php?rest_route=\/wp\/v2\/users\/2"}],"replies":[{"embeddable":true,"href":"http:\/\/anatem.info\/index.php?rest_route=%2Fwp%2Fv2%2Fcomments&post=7335"}],"version-history":[{"count":1,"href":"http:\/\/anatem.info\/index.php?rest_route=\/wp\/v2\/posts\/7335\/revisions"}],"predecessor-version":[{"id":7337,"href":"http:\/\/anatem.info\/index.php?rest_route=\/wp\/v2\/posts\/7335\/revisions\/7337"}],"wp:featuredmedia":[{"embeddable":true,"href":"http:\/\/anatem.info\/index.php?rest_route=\/wp\/v2\/media\/7336"}],"wp:attachment":[{"href":"http:\/\/anatem.info\/index.php?rest_route=%2Fwp%2Fv2%2Fmedia&parent=7335"}],"wp:term":[{"taxonomy":"category","embeddable":true,"href":"http:\/\/anatem.info\/index.php?rest_route=%2Fwp%2Fv2%2Fcategories&post=7335"},{"taxonomy":"post_tag","embeddable":true,"href":"http:\/\/anatem.info\/index.php?rest_route=%2Fwp%2Fv2%2Ftags&post=7335"}],"curies":[{"name":"wp","href":"https:\/\/api.w.org\/{rel}","templated":true}]}}