{"id":7338,"date":"2025-10-25T06:20:20","date_gmt":"2025-10-25T11:20:20","guid":{"rendered":"https:\/\/anatem.info\/?p=7338"},"modified":"2025-10-25T06:22:07","modified_gmt":"2025-10-25T11:22:07","slug":"sahara-marocain-le-secretaire-general-de-lonu-met-en-exergue-la-qualite-de-vie-dans-le-sahara-marocain","status":"publish","type":"post","link":"http:\/\/anatem.info\/?p=7338","title":{"rendered":"Le Secr\u00e9taire g\u00e9n\u00e9ral de l\u2019ONU met en exergue la qualit\u00e9 de vie dans le Sahara Marocain et d\u00e9plore la pr\u00e9carit\u00e9 dans les camps de Tindouf"},"content":{"rendered":"\n<p>Dans son dernier rapport au Conseil de s\u00e9curit\u00e9 sur le Sahara marocain, le Secr\u00e9taire g\u00e9n\u00e9ral de l\u2019ONU, Antonio Guterres, a mis en relief l\u2019ampleur des efforts de d\u00e9veloppement socio-\u00e9conomique d\u2019envergure en cours dans les Provinces du Sud au profit des populations locales.<\/p>\n\n\n\n<p>Le Secr\u00e9taire g\u00e9n\u00e9ral mentionne notamment des projets strat\u00e9giques dans le domaine des infrastructures comme les autoroutes, les ports et les a\u00e9roports et en mati\u00e8re d\u2019\u00e9nergies renouvelables, d\u2019\u00e9lectricit\u00e9, d\u2019\u00e9ducation et de sant\u00e9, ainsi que dans d\u2019autres secteurs sociaux.<\/p>\n\n\n\n<p>M. Guterres a \u00e9galement \u00e9voqu\u00e9 les r\u00e9sultats du recensement conduit par les autorit\u00e9s marocaines en septembre 2024, et qui fait ressortir une augmentation importante de la population vivant dans les Provinces du Sud du Royaume, passant de 450.000 \u00e0 600.000 habitants, par rapport \u00e0 2014. Cette indication, forte en sens, est r\u00e9v\u00e9latrice de l\u2019attractivit\u00e9 et de la qualit\u00e9 de vie dans ces Provinces marocaines, qui favorisent l\u2019installation d\u2019un plus grand nombre de personnes, de m\u00eame que l\u2019augmentation du taux de natalit\u00e9.<\/p>\n\n\n\n<p>Le SG de l\u2019ONU n\u2019a pas manqu\u00e9 de souligner l\u2019organisation d\u2019\u00e9v\u00e8nements diplomatiques, culturels et sportifs au Sahara marocain, qui symbolisent le rayonnement dont b\u00e9n\u00e9ficient les Provinces du Sud sur le plan national et international.<\/p>\n\n\n\n<p>Ces r\u00e9f\u00e9rences majeures sont le signe, continuellement renouvel\u00e9, de la consid\u00e9ration positive par le Secr\u00e9taire g\u00e9n\u00e9ral des efforts de d\u00e9veloppement initi\u00e9s par le Maroc, conform\u00e9ment \u00e0 la Vision de Sa Majest\u00e9 le Roi Mohammed VI, et telles qu\u2019inscrites dans le nouveau mod\u00e8le de d\u00e9veloppement pour les Provinces du Sud.<\/p>\n\n\n\n<p>C\u2019est \u00e9galement la r\u00e9ponse cinglante apport\u00e9e par le Secr\u00e9taire g\u00e9n\u00e9ral de l\u2019ONU aux mensonges fallacieux v\u00e9hicul\u00e9s par les adversaires du Maroc, quant \u00e0 une pr\u00e9tendue exploitation des ressources naturelles, ainsi que l\u2019absence de b\u00e9n\u00e9fice pour la population de la r\u00e9gion, ou encore l\u2019existence d\u2019une soi-disant guerre au Sahara marocain.<\/p>\n\n\n\n<p>Parall\u00e8lement, M. Guterres a \u00e9voqu\u00e9, \u00e0 plusieurs reprises, la situation dramatique dans les camps de Tindouf en Alg\u00e9rie, de m\u00eame que la mis\u00e8re et la pr\u00e9carit\u00e9 que vivent les populations s\u00e9questr\u00e9es, qui demeurent priv\u00e9es de leurs droits les plus \u00e9l\u00e9mentaires.<\/p>\n\n\n\n<p>Source : MAP<\/p>\n\n\n\n<p><\/p>\n","protected":false},"excerpt":{"rendered":"<p>Dans son dernier rapport au Conseil de s\u00e9curit\u00e9 sur le Sahara marocain, le Secr\u00e9taire g\u00e9n\u00e9ral de l\u2019ONU, Antonio Guterres, a<\/p>\n","protected":false},"author":2,"featured_media":3701,"comment_status":"closed","ping_status":"closed","sticky":false,"template":"","format":"standard","meta":{"footnotes":""},"categories":[3,62,8],"tags":[],"class_list":["post-7338","post","type-post","status-publish","format-standard","has-post-thumbnail","hentry","category-accueil","category-afrique","category-provinces-du-sud"],"_links":{"self":[{"href":"http:\/\/anatem.info\/index.php?rest_route=\/wp\/v2\/posts\/7338","targetHints":{"allow":["GET"]}}],"collection":[{"href":"http:\/\/anatem.info\/index.php?rest_route=\/wp\/v2\/posts"}],"about":[{"href":"http:\/\/anatem.info\/index.php?rest_route=\/wp\/v2\/types\/post"}],"author":[{"embeddable":true,"href":"http:\/\/anatem.info\/index.php?rest_route=\/wp\/v2\/users\/2"}],"replies":[{"embeddable":true,"href":"http:\/\/anatem.info\/index.php?rest_route=%2Fwp%2Fv2%2Fcomments&post=7338"}],"version-history":[{"count":5,"href":"http:\/\/anatem.info\/index.php?rest_route=\/wp\/v2\/posts\/7338\/revisions"}],"predecessor-version":[{"id":7343,"href":"http:\/\/anatem.info\/index.php?rest_route=\/wp\/v2\/posts\/7338\/revisions\/7343"}],"wp:featuredmedia":[{"embeddable":true,"href":"http:\/\/anatem.info\/index.php?rest_route=\/wp\/v2\/media\/3701"}],"wp:attachment":[{"href":"http:\/\/anatem.info\/index.php?rest_route=%2Fwp%2Fv2%2Fmedia&parent=7338"}],"wp:term":[{"taxonomy":"category","embeddable":true,"href":"http:\/\/anatem.info\/index.php?rest_route=%2Fwp%2Fv2%2Fcategories&post=7338"},{"taxonomy":"post_tag","embeddable":true,"href":"http:\/\/anatem.info\/index.php?rest_route=%2Fwp%2Fv2%2Ftags&post=7338"}],"curies":[{"name":"wp","href":"https:\/\/api.w.org\/{rel}","templated":true}]}}