{"id":7398,"date":"2025-12-06T12:12:48","date_gmt":"2025-12-06T17:12:48","guid":{"rendered":"https:\/\/anatem.info\/?p=7398"},"modified":"2025-12-06T12:12:48","modified_gmt":"2025-12-06T17:12:48","slug":"sahara-marocain-les-pays-bas-apportent-leur-appui-au-plan-dautonomie-sous-souverainete-marocaine","status":"publish","type":"post","link":"http:\/\/anatem.info\/?p=7398","title":{"rendered":"Sahara Marocain : Les Pays-Bas apportent leur appui au plan d\u2019autonomie sous souverainet\u00e9 marocaine"},"content":{"rendered":"\n<p>Dans le cadre de la dynamique internationale cr\u00e9\u00e9e sous l\u2019impulsion de Sa Majest\u00e9 le Roi Mohammed VI, que Dieu L\u2019assiste, en soutien \u00e0 la souverainet\u00e9 du Maroc sur son Sahara et au Plan d\u2019autonomie, les Pays-Bas ont affirm\u00e9 qu&rsquo;\u201dune v\u00e9ritable autonomie sous souverainet\u00e9 marocaine est la solution la plus r\u00e9alisable pour mettre un terme d\u00e9finitif \u00e0 ce diff\u00e9rend r\u00e9gional\u201d.<\/p>\n\n\n\n<p>Cette position a \u00e9t\u00e9 exprim\u00e9e dans la D\u00e9claration conjointe adopt\u00e9e par le ministre des Affaires \u00e9trang\u00e8res, de la Coop\u00e9ration africaine et des Marocains r\u00e9sidant \u00e0 l\u2019\u00e9tranger, Nasser Bourita, et le ministre n\u00e9erlandais des Affaires \u00e9trang\u00e8res et ministre de l\u2019Asile et de la Migration, David Van Weel, \u00e0 l\u2019issue de leur rencontre, le 05 d\u00e9cembre 2025, \u00e0 La Haye.<\/p>\n\n\n\n<p>La D\u00e9claration conjointe indique \u00e9galement que les Pays-Bas accueillent favorablement l\u2019adoption de la R\u00e9solution 2797 du Conseil de s\u00e9curit\u00e9 de l\u2019ONU et expriment leur plein soutien aux efforts du Secr\u00e9taire g\u00e9n\u00e9ral et de son Envoy\u00e9 personnel visant \u00e0 faciliter et mener des n\u00e9gociations fond\u00e9es sur l\u2019Initiative marocaine d\u2019autonomie, dans l\u2019objectif d\u2019aboutir \u00e0 une solution juste, durable et mutuellement acceptable, telle que pr\u00e9conis\u00e9e par les r\u00e9solutions pertinentes du Conseil de s\u00e9curit\u00e9.<\/p>\n\n\n\n<p>Source : MAP<\/p>\n","protected":false},"excerpt":{"rendered":"<p>Dans le cadre de la dynamique internationale cr\u00e9\u00e9e sous l\u2019impulsion de Sa Majest\u00e9 le Roi Mohammed VI, que Dieu L\u2019assiste,<\/p>\n","protected":false},"author":2,"featured_media":7399,"comment_status":"closed","ping_status":"closed","sticky":false,"template":"","format":"standard","meta":{"footnotes":""},"categories":[3,62,5,8],"tags":[],"class_list":["post-7398","post","type-post","status-publish","format-standard","has-post-thumbnail","hentry","category-accueil","category-afrique","category-maghreb-news","category-provinces-du-sud"],"_links":{"self":[{"href":"http:\/\/anatem.info\/index.php?rest_route=\/wp\/v2\/posts\/7398","targetHints":{"allow":["GET"]}}],"collection":[{"href":"http:\/\/anatem.info\/index.php?rest_route=\/wp\/v2\/posts"}],"about":[{"href":"http:\/\/anatem.info\/index.php?rest_route=\/wp\/v2\/types\/post"}],"author":[{"embeddable":true,"href":"http:\/\/anatem.info\/index.php?rest_route=\/wp\/v2\/users\/2"}],"replies":[{"embeddable":true,"href":"http:\/\/anatem.info\/index.php?rest_route=%2Fwp%2Fv2%2Fcomments&post=7398"}],"version-history":[{"count":1,"href":"http:\/\/anatem.info\/index.php?rest_route=\/wp\/v2\/posts\/7398\/revisions"}],"predecessor-version":[{"id":7400,"href":"http:\/\/anatem.info\/index.php?rest_route=\/wp\/v2\/posts\/7398\/revisions\/7400"}],"wp:featuredmedia":[{"embeddable":true,"href":"http:\/\/anatem.info\/index.php?rest_route=\/wp\/v2\/media\/7399"}],"wp:attachment":[{"href":"http:\/\/anatem.info\/index.php?rest_route=%2Fwp%2Fv2%2Fmedia&parent=7398"}],"wp:term":[{"taxonomy":"category","embeddable":true,"href":"http:\/\/anatem.info\/index.php?rest_route=%2Fwp%2Fv2%2Fcategories&post=7398"},{"taxonomy":"post_tag","embeddable":true,"href":"http:\/\/anatem.info\/index.php?rest_route=%2Fwp%2Fv2%2Ftags&post=7398"}],"curies":[{"name":"wp","href":"https:\/\/api.w.org\/{rel}","templated":true}]}}