{"id":7405,"date":"2025-12-10T12:44:46","date_gmt":"2025-12-10T17:44:46","guid":{"rendered":"https:\/\/anatem.info\/?p=7405"},"modified":"2025-12-10T12:45:43","modified_gmt":"2025-12-10T17:45:43","slug":"le-caftan-marocain-arts-traditions-et-savoir-faire-inscrit-sur-la-liste-du-patrimoine-culturel-immateriel-de-lhumanite-de-lunesco","status":"publish","type":"post","link":"http:\/\/anatem.info\/?p=7405","title":{"rendered":"Le \u201cCaftan Marocain : arts, traditions et savoir-faire\u201d inscrit sur la Liste du Patrimoine culturel immat\u00e9riel de l\u2019Humanit\u00e9 de l\u2019UNESCO"},"content":{"rendered":"\n<p>Apr\u00e8s moult man\u0153uvres de la part de l&rsquo;Alg\u00e9rie, allant de la tentative d&rsquo;appropriation pure et simple \u00e0 celle du partage du bien d&rsquo;autrui, le Comit\u00e9 intergouvernemental pour la sauvegarde du patrimoine culturel immat\u00e9riel de l\u2019UNESCO, r\u00e9uni en sa 20\u00e8me session \u00e0 New Delhi, vient de trancher, ce mercredi, 10 d\u00e9cembre 2025, en d\u00e9cidant d\u2019inscrire le \u201cCaftan Marocain : arts, traditions et savoir-faire\u201d sur la Liste repr\u00e9sentative du patrimoine culturel immat\u00e9riel de l\u2019Humanit\u00e9.<\/p>\n\n\n\n<p>Cette reconnaissance internationale majeure traduit l\u2019estime de la communaut\u00e9 internationale pour la vision \u00e9clair\u00e9e de Sa Majest\u00e9 le Roi Mohammed VI, que Dieu L\u2019assiste, en faveur de la pr\u00e9servation du patrimoine culturel, de la mise en valeur des expressions artistiques authentiques et de la sauvegarde des savoir-faire traditionnels en tant que leviers essentiels du d\u00e9veloppement durable et de la coh\u00e9sion sociale, indique un communiqu\u00e9 du minist\u00e8re des Affaires \u00e9trang\u00e8res, de la Coop\u00e9ration africaine et des Marocains r\u00e9sidant \u00e0 l\u2019\u00e9tranger.<\/p>\n\n\n\n<p>L\u2019inscription consacre, ainsi, la richesse s\u00e9culaire du caftan marocain, t\u00e9moin vivant de l\u2019histoire du Royaume, de son identit\u00e9 plurielle et de son g\u00e9nie cr\u00e9atif. Port\u00e9 et pr\u00e9serv\u00e9 \u00e0 travers les g\u00e9n\u00e9rations, le caftan constitue un symbole d\u2019\u00e9l\u00e9gance, de raffinement et de transmission des savoir-faire artisanaux uniques \u00e0 travers les r\u00e9gions du Maroc.<\/p>\n\n\n\n<p>Cette reconnaissance refl\u00e8te \u00e9galement le r\u00f4le actif et constructif du Royaume du Maroc au sein de l\u2019UNESCO ainsi que son engagement constant pour la protection et la promotion du patrimoine culturel immat\u00e9riel, dans toute sa diversit\u00e9 et sa profondeur historique, souligne le communiqu\u00e9.<\/p>\n\n\n\n<p>? travers cette d\u00e9cision, le Comit\u00e9 du patrimoine immat\u00e9riel salue la contribution du Maroc \u00e0 la pr\u00e9servation d\u2019un patrimoine vivant o\u00f9 se conjuguent cr\u00e9ativit\u00e9, identit\u00e9 et transmission interg\u00e9n\u00e9rationnelle, et qui continue d\u2019enrichir le dialogue interculturel et la compr\u00e9hension mutuelle entre les peuples.<\/p>\n\n\n\n<p>Le Royaume du Maroc poursuivra, dans le cadre de cette reconnaissance, ses efforts en faveur de la sauvegarde, de la valorisation et de la transmission des savoir-faire li\u00e9s au caftan marocain, et r\u00e9affirme son attachement aux valeurs universelles de diversit\u00e9 culturelle et de respect mutuel, qui sont au c\u0153ur du mandat de l\u2019UNESCO.<\/p>\n\n\n\n<p>Source : MAP avec la r\u00e9daction<\/p>\n\n\n\n<p><\/p>\n","protected":false},"excerpt":{"rendered":"<p>Apr\u00e8s moult man\u0153uvres de la part de l&rsquo;Alg\u00e9rie, allant de la tentative d&rsquo;appropriation pure et simple \u00e0 celle du partage<\/p>\n","protected":false},"author":2,"featured_media":7406,"comment_status":"closed","ping_status":"closed","sticky":false,"template":"","format":"standard","meta":{"footnotes":""},"categories":[3,62,5,7],"tags":[],"class_list":["post-7405","post","type-post","status-publish","format-standard","has-post-thumbnail","hentry","category-accueil","category-afrique","category-maghreb-news","category-presse-marocaine"],"_links":{"self":[{"href":"http:\/\/anatem.info\/index.php?rest_route=\/wp\/v2\/posts\/7405","targetHints":{"allow":["GET"]}}],"collection":[{"href":"http:\/\/anatem.info\/index.php?rest_route=\/wp\/v2\/posts"}],"about":[{"href":"http:\/\/anatem.info\/index.php?rest_route=\/wp\/v2\/types\/post"}],"author":[{"embeddable":true,"href":"http:\/\/anatem.info\/index.php?rest_route=\/wp\/v2\/users\/2"}],"replies":[{"embeddable":true,"href":"http:\/\/anatem.info\/index.php?rest_route=%2Fwp%2Fv2%2Fcomments&post=7405"}],"version-history":[{"count":3,"href":"http:\/\/anatem.info\/index.php?rest_route=\/wp\/v2\/posts\/7405\/revisions"}],"predecessor-version":[{"id":7409,"href":"http:\/\/anatem.info\/index.php?rest_route=\/wp\/v2\/posts\/7405\/revisions\/7409"}],"wp:featuredmedia":[{"embeddable":true,"href":"http:\/\/anatem.info\/index.php?rest_route=\/wp\/v2\/media\/7406"}],"wp:attachment":[{"href":"http:\/\/anatem.info\/index.php?rest_route=%2Fwp%2Fv2%2Fmedia&parent=7405"}],"wp:term":[{"taxonomy":"category","embeddable":true,"href":"http:\/\/anatem.info\/index.php?rest_route=%2Fwp%2Fv2%2Fcategories&post=7405"},{"taxonomy":"post_tag","embeddable":true,"href":"http:\/\/anatem.info\/index.php?rest_route=%2Fwp%2Fv2%2Ftags&post=7405"}],"curies":[{"name":"wp","href":"https:\/\/api.w.org\/{rel}","templated":true}]}}