{"id":741,"date":"2014-01-04T20:25:48","date_gmt":"2014-01-04T20:25:48","guid":{"rendered":"http:\/\/anatem.info\/?p=741"},"modified":"2014-01-04T20:26:07","modified_gmt":"2014-01-04T20:26:07","slug":"le-paraguay-navait-jamais-reconnu-le-soi-disant-polisario","status":"publish","type":"post","link":"http:\/\/anatem.info\/?p=741","title":{"rendered":"Le Paraguay n&rsquo;avait jamais reconnu le soi-disant polisario"},"content":{"rendered":"<p><a href=\"http:\/\/anatem.info\/wp-content\/uploads\/2014\/01\/paraguay.jpg\"><img decoding=\"async\" class=\"wp-image-742 alignleft\" alt=\"paraguay\" src=\"http:\/\/anatem.info\/wp-content\/uploads\/2014\/01\/paraguay-300x150.jpg\" width=\"300\" height=\"150\" srcset=\"http:\/\/anatem.info\/wp-content\/uploads\/2014\/01\/paraguay-300x150.jpg 300w, http:\/\/anatem.info\/wp-content\/uploads\/2014\/01\/paraguay.jpg 317w\" sizes=\"(max-width: 300px) 100vw, 300px\" \/><\/a>Le minist\u00e8re paraguayen des affaires \u00e9trang\u00e8res a publi\u00e9 au d\u00e9but de ce mois de janvier un communiqu\u00e9 annon\u00e7ant le retrait de sa reconnaissance de la pseudo RASD.<\/p>\n<p>Le ministre paraguayen des affaires \u00e9trang\u00e8res a affirm\u00e9, dans ledit communiqu\u00e9, que les effets juridiques de ce retrait se traduisent par l\u2019annulation de toutes les conventions sign\u00e9es auparavant avec l\u2019entit\u00e9 fantoche et la rupture de toutes les relations diplomatiques avec le front s\u00e9paratiste.<\/p>\n<p>A cette occasion, le ministre des affaires \u00e9trang\u00e8res et de la coop\u00e9ration, Salaheddine Mezouar, a eu un entretien t\u00e9l\u00e9phonique avec son homologue paraguayen au cours duquel il a salu\u00e9, au nom du Maroc, cette d\u00e9cision sage de l\u2019Etat du Paraguay, apr\u00e8s celle prise r\u00e9cemment par l\u2019institution l\u00e9gislative de ce pays annon\u00e7ant la rupture des relations diplomatiques avec l\u2019entit\u00e9 fantoche de la rasd.<\/p>\n<p>M. Mezouar a exprim\u00e9 \u00e0 son homologue paraguayen la gratitude du Maroc pour cette position constructive qui s\u2019inscrit en droite ligne des efforts du Secr\u00e9taire G\u00e9n\u00e9ral des Nations Unies et de son envoy\u00e9 personnel en vue de parvenir \u00e0 une solution politique mutuellement acceptable, conform\u00e9ment aux r\u00e9solutions du Conseil de s\u00e9curit\u00e9, notamment la derni\u00e8re r\u00e9solution N 2099 adopt\u00e9e en avril 2013.<\/p>\n<p>Par ailleurs, et selon le secr\u00e9taire g\u00e9n\u00e9ral adjoint du parti Authenticit\u00e9 et modernit\u00e9 (PAM), Ilyas El Omari, \u00ab\u00a0La R\u00e9publique du Paraguay n&rsquo;avait jamais reconnu le soi-disant polisario. Le communiqu\u00e9 de la Chambre Haute du parlement paraguayen, du 2 janvier dernier, \u00ab\u00a0a coup\u00e9 court \u00e0 toute ambig\u00fcit\u00e9 au sujet de la question du Sahara\u00a0\u00bb.<\/p>\n<p>M. El Omari, qui intervenait lors d&rsquo;une conf\u00e9rence de presse suite \u00e0 la visite qu&rsquo;a effectu\u00e9e une d\u00e9l\u00e9gation du PAM dans ce pays de l&rsquo;Am\u00e9rique latine, a relev\u00e9 que le communiqu\u00e9 du s\u00e9nateur Julio C\u00e9sar Vel?zquez, pr\u00e9sident de la Chambre haute du parlement paraguayen \u00ab\u00a0a coup\u00e9 court \u00e0 toute ambig\u00fcit\u00e9 au sujet de la question du Sahara\u00a0\u00bb, soulignant que \u00ab\u00a0la R\u00e9publique du Paraguay n&rsquo;avait jamais reconnu l&rsquo;Etat factice, n&rsquo;entretenait aucune relation diplomatique avec le Polisario et n&rsquo;en abrite pas la moindre repr\u00e9sentation sur son territoire\u00a0\u00bb.<\/p>\n<p>Il a, en ce sens, not\u00e9 que M. C\u00e9sar Vel?zquez a affirm\u00e9 que le Paraguay, \u00ab\u00a0qui consid\u00e8re la pseudo rasd comme une organisation s\u00e9paratiste arm\u00e9e, a exprim\u00e9 son appui \u00e0 la l\u00e9gitimit\u00e9 internationale qui promeut le choix des n\u00e9gociations pour r\u00e9soudre le conflit autour de la question du Sahara\u00a0\u00bb.<\/p>\n<p>M. El Omari a, de m\u00eame, indiqu\u00e9 que \u00ab\u00a0cette nouvelle victoire diplomatique ne peut \u00eatre attribu\u00e9e au seul PAM. C&rsquo;est une r\u00e9alisation de tout un peuple, qui vient s&rsquo;ajouter aux efforts de la diplomatie officielle\u00a0\u00bb.<\/p>\n<p>Il a appel\u00e9, \u00e0 cet \u00e9gard, l&rsquo;ensemble des autres partis politiques \u00e0 emprunter la m\u00eame voie pour tirer profit des relations d&rsquo;amiti\u00e9 et de coop\u00e9ration les liant \u00e0 leurs homologues partout dans le monde , \u00ab\u00a0afin de faire pr\u00e9valoir la justesse de notre cause nationale et faire face aux aberrations v\u00e9hicul\u00e9es par les adversaires de notre int\u00e9grit\u00e9 territoriale\u00a0\u00bb.<\/p>\n<p>Une d\u00e9l\u00e9gation du PAM, conduite par M. El Omari, avait effectu\u00e9, la semaine derni\u00e8re, une visite au Paraguay, o\u00f9 elle a tenu des rencontres et des r\u00e9unions avec des responsables de haut niveau. Outre M. C\u00e9sar Vel?zquez, la d\u00e9l\u00e9gation du PAM a eu des entretiens avec le pr\u00e9sident du parlement, le ministre de l&rsquo;agriculture, le ministre d\u00e9l\u00e9gu\u00e9 aupr\u00e8s du ministre des Affaires \u00e9trang\u00e8res et le pr\u00e9sident de la Commission des relations ext\u00e9rieurs \u00e0 la Chambre haute. (MAP)<\/p>\n","protected":false},"excerpt":{"rendered":"<p>Le minist\u00e8re paraguayen des affaires \u00e9trang\u00e8res a publi\u00e9 au d\u00e9but de ce mois de janvier un communiqu\u00e9 annon\u00e7ant le retrait<\/p>\n","protected":false},"author":2,"featured_media":742,"comment_status":"closed","ping_status":"closed","sticky":false,"template":"","format":"standard","meta":{"footnotes":""},"categories":[3,8],"tags":[],"class_list":["post-741","post","type-post","status-publish","format-standard","has-post-thumbnail","hentry","category-accueil","category-provinces-du-sud"],"_links":{"self":[{"href":"http:\/\/anatem.info\/index.php?rest_route=\/wp\/v2\/posts\/741","targetHints":{"allow":["GET"]}}],"collection":[{"href":"http:\/\/anatem.info\/index.php?rest_route=\/wp\/v2\/posts"}],"about":[{"href":"http:\/\/anatem.info\/index.php?rest_route=\/wp\/v2\/types\/post"}],"author":[{"embeddable":true,"href":"http:\/\/anatem.info\/index.php?rest_route=\/wp\/v2\/users\/2"}],"replies":[{"embeddable":true,"href":"http:\/\/anatem.info\/index.php?rest_route=%2Fwp%2Fv2%2Fcomments&post=741"}],"version-history":[{"count":3,"href":"http:\/\/anatem.info\/index.php?rest_route=\/wp\/v2\/posts\/741\/revisions"}],"predecessor-version":[{"id":745,"href":"http:\/\/anatem.info\/index.php?rest_route=\/wp\/v2\/posts\/741\/revisions\/745"}],"wp:featuredmedia":[{"embeddable":true,"href":"http:\/\/anatem.info\/index.php?rest_route=\/wp\/v2\/media\/742"}],"wp:attachment":[{"href":"http:\/\/anatem.info\/index.php?rest_route=%2Fwp%2Fv2%2Fmedia&parent=741"}],"wp:term":[{"taxonomy":"category","embeddable":true,"href":"http:\/\/anatem.info\/index.php?rest_route=%2Fwp%2Fv2%2Fcategories&post=741"},{"taxonomy":"post_tag","embeddable":true,"href":"http:\/\/anatem.info\/index.php?rest_route=%2Fwp%2Fv2%2Ftags&post=741"}],"curies":[{"name":"wp","href":"https:\/\/api.w.org\/{rel}","templated":true}]}}