{"id":7604,"date":"2026-04-28T13:45:42","date_gmt":"2026-04-28T18:45:42","guid":{"rendered":"https:\/\/anatem.info\/?p=7604"},"modified":"2026-04-28T13:48:47","modified_gmt":"2026-04-28T18:48:47","slug":"mali-lingerence-algerienne-au-coeur-de-lembrasement-du-sahel","status":"publish","type":"post","link":"http:\/\/anatem.info\/?p=7604","title":{"rendered":"Mali : L&rsquo;ing\u00e9rence alg\u00e9rienne au c\u0153ur de l&#8217;embrasement du Sahel"},"content":{"rendered":"\n<p>?La crise qui fragilise le Mali ne peut plus \u00eatre analys\u00e9e comme une simple instabilit\u00e9 int\u00e9rieure. Elle est le r\u00e9sultat d&rsquo;une convergence de facteurs o\u00f9 les influences ext\u00e9rieures, et particuli\u00e8rement celle de l&rsquo;Alg\u00e9rie, jouent un r\u00f4le moteur dans l&rsquo;aggravation des fractures s\u00e9curitaires, politiques et \u00e9conomiques du pays.<\/p>\n\n\n\n<h2 class=\"wp-block-heading\">L\u2019ambigu\u00eft\u00e9 calcul\u00e9e d&rsquo;Alger<\/h2>\n\n\n\n<p>Le r\u00f4le de l&rsquo;Alg\u00e9rie suscite aujourd&rsquo;hui une inqui\u00e9tude croissante. Historiquement li\u00e9e \u00e0 certains mouvements touaregs, la diplomatie alg\u00e9rienne semble d\u00e9sormais privil\u00e9gier une posture qui alimente les dynamiques s\u00e9paratistes au d\u00e9triment de la souverainet\u00e9 de Bamako. Cette influence s&rsquo;exerce sur plusieurs fronts :<\/p>\n\n\n\n<p>Une complaisance strat\u00e9gique : Le soutien maintenu \u00e0 la r\u00e9bellion du Nord fragilise l\u2019unit\u00e9 territoriale malienne.<br>?La porosit\u00e9 s\u00e9curitaire : On observe une convergence tactique inqui\u00e9tante entre les rebelles et les groupes terroristes (notamment le JNIM), cr\u00e9ant une menace existentielle pour l&rsquo;?tat. L\u2019ing\u00e9rence politique et \u00e9conomique : Qu&rsquo;il s&rsquo;agisse de structurer une opposition autour de figures comme Mahmoud Dicko ou de tol\u00e9rer le blocus \u00e9conomique impos\u00e9 par les groupes arm\u00e9s, la strat\u00e9gie semble viser l&rsquo;asphyxie du gouvernement malien.<\/p>\n\n\n\n<h2 class=\"wp-block-heading\">Un risque de sanctuaire terroriste global<\/h2>\n\n\n\n<p>Si cette d\u00e9stabilisation se poursuit, le Mali risque de devenir le nouveau centre de gravit\u00e9 du terrorisme international. Un ?tat durablement affaibli offrirait un refuge id\u00e9al pour le recrutement et la planification d&rsquo;op\u00e9rations d&rsquo;envergure, mena\u00e7ant la s\u00e9curit\u00e9 bien au-del\u00e0 des fronti\u00e8res africaines.<\/p>\n\n\n\n<h2 class=\"wp-block-heading\">L&rsquo;effet domino : vers une crise r\u00e9gionale totale<\/h2>\n\n\n\n<p>L&rsquo;instabilit\u00e9 malienne agit comme un d\u00e9tonateur pour toute l&rsquo;Afrique de l&rsquo;Ouest. La pression ne s&rsquo;arr\u00eate plus au Niger ou au Burkina Faso ; elle menace d\u00e9sormais les pays c\u00f4tiers (C\u00f4te d&rsquo;Ivoire, B\u00e9nin, Togo, S\u00e9n\u00e9gal) et atteint les fa\u00e7ades atlantiques, mettant en p\u00e9ril les routes commerciales et la stabilit\u00e9 du Golfe de Guin\u00e9e.<\/p>\n\n\n\n<h2 class=\"wp-block-heading\">Une onde de choc jusqu&rsquo;en Europe<\/h2>\n\n\n\n<p>L&rsquo;effondrement s\u00e9curitaire au Sahel nourrit directement les r\u00e9seaux de criminalit\u00e9 transnationale en M\u00e9diterran\u00e9e : trafics d&rsquo;armes, de drogues et explosions des flux migratoires irr\u00e9guliers. Pour l&rsquo;espace euro-m\u00e9diterran\u00e9en, laisser le Sahel devenir une \u00ab\u00a0zone grise\u00a0\u00bb est un pari risqu\u00e9.<\/p>\n\n\n\n<p>En conclusion, Alger joue un jeu dangereux avec la s\u00e9curit\u00e9 r\u00e9gionale. La stabilit\u00e9 du Mali est la cl\u00e9 de vo\u00fbte de l&rsquo;\u00e9quilibre collectif. Pour \u00e9viter un chaos chronique aux portes de l&rsquo;Europe, la communaut\u00e9 internationale doit imp\u00e9rativement soutenir la souverainet\u00e9 de Bamako et refuser toute l\u00e9gitimation des alliances rebelles et terroristes.<\/p>\n\n\n\n<p>Source : SDR<\/p>\n","protected":false},"excerpt":{"rendered":"<p>?La crise qui fragilise le Mali ne peut plus \u00eatre analys\u00e9e comme une simple instabilit\u00e9 int\u00e9rieure. Elle est le r\u00e9sultat<\/p>\n","protected":false},"author":2,"featured_media":7605,"comment_status":"closed","ping_status":"closed","sticky":false,"template":"","format":"standard","meta":{"footnotes":""},"categories":[3],"tags":[],"class_list":["post-7604","post","type-post","status-publish","format-standard","has-post-thumbnail","hentry","category-accueil"],"_links":{"self":[{"href":"http:\/\/anatem.info\/index.php?rest_route=\/wp\/v2\/posts\/7604","targetHints":{"allow":["GET"]}}],"collection":[{"href":"http:\/\/anatem.info\/index.php?rest_route=\/wp\/v2\/posts"}],"about":[{"href":"http:\/\/anatem.info\/index.php?rest_route=\/wp\/v2\/types\/post"}],"author":[{"embeddable":true,"href":"http:\/\/anatem.info\/index.php?rest_route=\/wp\/v2\/users\/2"}],"replies":[{"embeddable":true,"href":"http:\/\/anatem.info\/index.php?rest_route=%2Fwp%2Fv2%2Fcomments&post=7604"}],"version-history":[{"count":2,"href":"http:\/\/anatem.info\/index.php?rest_route=\/wp\/v2\/posts\/7604\/revisions"}],"predecessor-version":[{"id":7607,"href":"http:\/\/anatem.info\/index.php?rest_route=\/wp\/v2\/posts\/7604\/revisions\/7607"}],"wp:featuredmedia":[{"embeddable":true,"href":"http:\/\/anatem.info\/index.php?rest_route=\/wp\/v2\/media\/7605"}],"wp:attachment":[{"href":"http:\/\/anatem.info\/index.php?rest_route=%2Fwp%2Fv2%2Fmedia&parent=7604"}],"wp:term":[{"taxonomy":"category","embeddable":true,"href":"http:\/\/anatem.info\/index.php?rest_route=%2Fwp%2Fv2%2Fcategories&post=7604"},{"taxonomy":"post_tag","embeddable":true,"href":"http:\/\/anatem.info\/index.php?rest_route=%2Fwp%2Fv2%2Ftags&post=7604"}],"curies":[{"name":"wp","href":"https:\/\/api.w.org\/{rel}","templated":true}]}}