{"id":771,"date":"2014-01-16T16:24:34","date_gmt":"2014-01-16T16:24:34","guid":{"rendered":"http:\/\/anatem.info\/?p=771"},"modified":"2014-01-16T16:24:54","modified_gmt":"2014-01-16T16:24:54","slug":"comite-al-qods-lengagement-renouvele-du-maroc-envers-la-fleur-des-cites","status":"publish","type":"post","link":"http:\/\/anatem.info\/?p=771","title":{"rendered":"Comit\u00e9 Al-Qods : l&rsquo;engagement renouvel\u00e9 du Maroc envers la \u00ab\u00a0Fleur des Cit\u00e9s\u00a0\u00bb"},"content":{"rendered":"<h3>Erig\u00e9e en cause nationale, la question palestinienne fait partie des fondamentaux tant de la politique g\u00e9n\u00e9rale que de l&rsquo;action diplomatique du Maroc, qui adh\u00e8re \u00e0 tout effort sinc\u00e8re visant la protection des droits inali\u00e9nables des Palestiniens, \u00e0 leur t\u00eate le statut d&rsquo;Al-Qods Acharif.<\/h3>\n<p>Justement, la ville sainte, pour laquelle le coeur des Marocains bat toujours aussi vite depuis l&rsquo;aube des temps, est guett\u00e9e par des menaces r\u00e9elles \u00e0 cause des tentatives obstin\u00e9es d&rsquo;Isra\u00ebl d&rsquo;ali\u00e9ner son identit\u00e9 \u00e0 travers une juda\u00eesation effr\u00e9n\u00e9e des aspects urbanistiques et d\u00e9mographiques.<\/p>\n<p>En parfaite harmonie avec un \u00e9tat d&rsquo;esprit populaire rassembleur qui s&rsquo;est transmis de g\u00e9n\u00e9ration en g\u00e9n\u00e9ration, le Maroc a pris la mesure de la n\u00e9cessit\u00e9 d&rsquo;entreprendre des d\u00e9marches concr\u00e8tes pour attirer l&rsquo;attention de tous sur le danger de la strat\u00e9gie du fait accompli que cherche \u00e0 imposer l&rsquo;occupation dans les territoires palestiniens, en faisant peu de cas de la l\u00e9galit\u00e9 internationale et de ses r\u00e9solutions pertinentes contraires aux mesures isra\u00e9liennes unilat\u00e9rales.<\/p>\n<p>C&rsquo;est dans cette logique que s&rsquo;inscrit la convocation par le Royaume d&rsquo;une r\u00e9union du Comit\u00e9 Al-Qods, un organisme panislamique pr\u00e9sid\u00e9 par le Maroc depuis 1975 et dont l&rsquo;action a \u00e9vit\u00e9 le pire \u00e0 la ville sainte, cibl\u00e9e par une politique de colonisation d\u00e9vastatrice, dans le vil dessein de renier le droit des Palestiniens d&rsquo;\u00e9tablir leur Etat ind\u00e9pendant avec Al-Qods Acharif comme capitale.<\/p>\n<p>En illustration de l&rsquo;engagement renouvel\u00e9 du Maroc envers la ville sainte, SM le Roi Mohammed VI, pr\u00e9sident du Comit\u00e9 Al Qods, a adress\u00e9, tout r\u00e9cemment, des messages au Pape Fran\u00e7ois et au Secr\u00e9taire g\u00e9n\u00e9ral de l&rsquo;ONU, Ban Ki-Moon, au sujet de la signature prochaine entre le Vatican et Isra\u00ebl d&rsquo;un accord sur le patrimoine de l&rsquo;Eglise catholique \u00e0 Al-Qods occup\u00e9e, qui est \u00ab\u00a0\u00a0\u00bbde nature \u00e0 cautionner les pratiques de colonisation provocattrices\u00a0\u00bb\u00a0\u00bb.<\/p>\n<p>D&rsquo;autant que cette orientation est susceptible de \u00ab\u00a0\u00a0\u00bbcontrarier les efforts d\u00e9ploy\u00e9s afin de favoriser le climat ad\u00e9quat pour le succ\u00e8s des n\u00e9gociations de paix\u00a0\u00bb\u00a0\u00bb entre Palestiniens et Isra\u00e9liens, \u00ab\u00a0\u00a0\u00bbqui sont suppos\u00e9es trancher, entre autres questions, le statut d\u00e9finitif d&rsquo;Al Qods-Est\u00a0\u00bb\u00a0\u00bb.<\/p>\n<p>Les messages royaux au Pape et au secr\u00e9taire g\u00e9n\u00e9ral de l&rsquo;ONU ont \u00e9t\u00e9 hautement salu\u00e9s par les Palestiniens, comme l&rsquo;a affirm\u00e9 Saeb Erekat, n\u00e9gociateur en chef avec Isra\u00ebl, qui y a vus \u00ab\u00a0\u00a0\u00bbune confirmation de l&rsquo;attachement de SM le Roi au suivi r\u00e9gulier du dossier d&rsquo;Al-Qods et une preuve que la cause palestinienne est au c\u0153ur des pr\u00e9occupations prioritaires de Sa Majest\u00e9\u00a0\u00bb\u00a0\u00bb.<\/p>\n<p>Autre signe de l&rsquo;int\u00e9r\u00eat permanent du Maroc \u00e0 l&rsquo;\u00e9gard de ce dossier vital pour la Oumma arabe et islamique, la question palestinienne \u00e9tait tout aussi pr\u00e9sente lors de la rencontre au sommet, en novembre dernier \u00e0 la Maison blanche, entre le Souverain et le pr\u00e9sident am\u00e9ricain Barack Obama.<\/p>\n<p>Source : MAP (\u00a0Rabat, 14 jan. 2014)<\/p>\n","protected":false},"excerpt":{"rendered":"<p>Erig\u00e9e en cause nationale, la question palestinienne fait partie des fondamentaux tant de la politique g\u00e9n\u00e9rale que de l&rsquo;action diplomatique<\/p>\n","protected":false},"author":2,"featured_media":0,"comment_status":"closed","ping_status":"closed","sticky":false,"template":"","format":"standard","meta":{"footnotes":""},"categories":[3,7],"tags":[],"class_list":["post-771","post","type-post","status-publish","format-standard","hentry","category-accueil","category-presse-marocaine"],"_links":{"self":[{"href":"http:\/\/anatem.info\/index.php?rest_route=\/wp\/v2\/posts\/771","targetHints":{"allow":["GET"]}}],"collection":[{"href":"http:\/\/anatem.info\/index.php?rest_route=\/wp\/v2\/posts"}],"about":[{"href":"http:\/\/anatem.info\/index.php?rest_route=\/wp\/v2\/types\/post"}],"author":[{"embeddable":true,"href":"http:\/\/anatem.info\/index.php?rest_route=\/wp\/v2\/users\/2"}],"replies":[{"embeddable":true,"href":"http:\/\/anatem.info\/index.php?rest_route=%2Fwp%2Fv2%2Fcomments&post=771"}],"version-history":[{"count":2,"href":"http:\/\/anatem.info\/index.php?rest_route=\/wp\/v2\/posts\/771\/revisions"}],"predecessor-version":[{"id":774,"href":"http:\/\/anatem.info\/index.php?rest_route=\/wp\/v2\/posts\/771\/revisions\/774"}],"wp:attachment":[{"href":"http:\/\/anatem.info\/index.php?rest_route=%2Fwp%2Fv2%2Fmedia&parent=771"}],"wp:term":[{"taxonomy":"category","embeddable":true,"href":"http:\/\/anatem.info\/index.php?rest_route=%2Fwp%2Fv2%2Fcategories&post=771"},{"taxonomy":"post_tag","embeddable":true,"href":"http:\/\/anatem.info\/index.php?rest_route=%2Fwp%2Fv2%2Ftags&post=771"}],"curies":[{"name":"wp","href":"https:\/\/api.w.org\/{rel}","templated":true}]}}