{"id":775,"date":"2014-01-16T16:59:26","date_gmt":"2014-01-16T16:59:26","guid":{"rendered":"http:\/\/anatem.info\/?p=775"},"modified":"2014-01-16T17:00:58","modified_gmt":"2014-01-16T17:00:58","slug":"nouveau-succes-de-la-diplomatie-marocaine-la-republique-de-maurice-retire-sa-reconnaissance-la-rasd","status":"publish","type":"post","link":"http:\/\/anatem.info\/?p=775","title":{"rendered":"Nouveau succ\u00e8s de la diplomatie marocaine : La R\u00e9publique de Maurice retire sa reconnaissance \u00e0 la RASD"},"content":{"rendered":"<p>La r\u00e9publique de Maurice a d\u00e9cid\u00e9 de rejoindre les pays (le Paraguay, le Panama, Ha\u00efti&#8230;) ayant revu leurs positions conform\u00e9ment \u00e0 la l\u00e9galit\u00e9 internationale et afin de contribuer, de mani\u00e8re constructive, au processus de n\u00e9gociation en cours, men\u00e9 sous les auspices des Nations Unies pour parvenir \u00e0 une solution politique r\u00e9aliste du diff\u00e9rent r\u00e9gional sur le Sahara.<\/p>\n<p>C\u2019est ce qui ressort d\u2019un communiqu\u00e9 de la primature de ce pays africain, relay\u00e9 par la MAP,?qui souligne que cette d\u00e9cision intervient dans \u00ab\u00a0le cadre d&rsquo;une r\u00e9vision de la position de ce pays sur un certain nombre de questions internationales.\u00a0\u00bb<\/p>\n<p>(\u2026) Commentant cette d\u00e9cision, Peter Pham, Directeur de l&rsquo;Africa Center, relevant de l&rsquo;Atlantic Council, un think tank bas\u00e9 \u00e0 Washington parle d\u2019une \u00ab\u00a0reconnaissance d&rsquo;une r\u00e9alit\u00e9 politique\u00a0\u00bb\u00a0: Les consid\u00e9rations g\u00e9opolitiques, notamment l\u2019instabilit\u00e9 dans la r\u00e9gion du Sahel, ne sont pas loin. \u00ab\u00a0Il n&rsquo;existe plus aucun doute quant au caract\u00e8re \u00e9minemment explosif et fragile de la situation s\u00e9curitaire dans la r\u00e9gion\u00a0\u00bb, a affirm\u00e9 Robert Holley, ancien diplomate am\u00e9ricain, expliquant les r\u00e9cents changements de position de certain pays \u00e0 l\u2019\u00e9gard du conflit du Sahara.<\/p>\n<p>Tout en portant un coup dur aux th\u00e8ses des s\u00e9paratistes du polisario et de leur mentor, ce retrait, \u00a0venant de la part d\u2019un des plus anciens soutiens du FP (reconnaissance depuis 1982), conforte encore une fois le Maroc dans la justesse et la l\u00e9gitimit\u00e9 de sa Cause nationale et renforce la cr\u00e9dibilit\u00e9 ainsi que le s\u00e9rieux de sa proposition d\u2019autonomie susceptible de faire avancer le processus de r\u00e8glement de la question du Sahara.<\/p>\n<p>Sources\u00a0: MAP + H24info.ma<\/p>\n","protected":false},"excerpt":{"rendered":"<p>La r\u00e9publique de Maurice a d\u00e9cid\u00e9 de rejoindre les pays (le Paraguay, le Panama, Ha\u00efti&#8230;) ayant revu leurs positions conform\u00e9ment<\/p>\n","protected":false},"author":2,"featured_media":778,"comment_status":"closed","ping_status":"closed","sticky":false,"template":"","format":"standard","meta":{"footnotes":""},"categories":[3,8],"tags":[],"class_list":["post-775","post","type-post","status-publish","format-standard","has-post-thumbnail","hentry","category-accueil","category-provinces-du-sud"],"_links":{"self":[{"href":"http:\/\/anatem.info\/index.php?rest_route=\/wp\/v2\/posts\/775","targetHints":{"allow":["GET"]}}],"collection":[{"href":"http:\/\/anatem.info\/index.php?rest_route=\/wp\/v2\/posts"}],"about":[{"href":"http:\/\/anatem.info\/index.php?rest_route=\/wp\/v2\/types\/post"}],"author":[{"embeddable":true,"href":"http:\/\/anatem.info\/index.php?rest_route=\/wp\/v2\/users\/2"}],"replies":[{"embeddable":true,"href":"http:\/\/anatem.info\/index.php?rest_route=%2Fwp%2Fv2%2Fcomments&post=775"}],"version-history":[{"count":1,"href":"http:\/\/anatem.info\/index.php?rest_route=\/wp\/v2\/posts\/775\/revisions"}],"predecessor-version":[{"id":776,"href":"http:\/\/anatem.info\/index.php?rest_route=\/wp\/v2\/posts\/775\/revisions\/776"}],"wp:featuredmedia":[{"embeddable":true,"href":"http:\/\/anatem.info\/index.php?rest_route=\/wp\/v2\/media\/778"}],"wp:attachment":[{"href":"http:\/\/anatem.info\/index.php?rest_route=%2Fwp%2Fv2%2Fmedia&parent=775"}],"wp:term":[{"taxonomy":"category","embeddable":true,"href":"http:\/\/anatem.info\/index.php?rest_route=%2Fwp%2Fv2%2Fcategories&post=775"},{"taxonomy":"post_tag","embeddable":true,"href":"http:\/\/anatem.info\/index.php?rest_route=%2Fwp%2Fv2%2Ftags&post=775"}],"curies":[{"name":"wp","href":"https:\/\/api.w.org\/{rel}","templated":true}]}}