{"id":838,"date":"2014-02-10T18:27:05","date_gmt":"2014-02-10T18:27:05","guid":{"rendered":"http:\/\/anatem.info\/?p=838"},"modified":"2014-02-10T18:27:05","modified_gmt":"2014-02-10T18:27:05","slug":"lier-une-experience-pionniere-en-matiere-de-consecration-du-projet-democratique-journal-bahreini","status":"publish","type":"post","link":"http:\/\/anatem.info\/?p=838","title":{"rendered":"L\u2019IER, une exp\u00e9rience pionni\u00e8re en mati\u00e8re de cons\u00e9cration du projet d\u00e9mocratique (journal bahre\u00efni)"},"content":{"rendered":"<p>Manama \u2013 L\u2019Instance \u00e9quit\u00e9 et r\u00e9conciliation (IER) au Maroc constitue une exp\u00e9rience pionni\u00e8re en mati\u00e8re de cons\u00e9cration du projet politique, d\u00e9mocratique et de pr\u00e9servation des droits de l\u2019homme, a affirm\u00e9 le journal Bahre\u00efni \u201cAl Ayam\u201d.<\/p>\n<p>Dans un article intitul\u00e9 \u201dl\u2019instance \u00e9quit\u00e9 et r\u00e9conciliation : le Maroc, un mod\u00e8le\u201d, l\u2019\u00e9crivain Fahd Al Modhiki souligne que la r\u00e9conciliation politique et historique institu\u00e9e au Maroc, sous l\u2019impulsion de SM le Roi Mohammed VI \u00e0 la fin du XX\u00e8 si\u00e8cle a permis l\u2019ouverture de nouveaux horizons \u00e0 la justice transitionnelle.<\/p>\n<p>L\u2019auteur bahre\u00efni juge que l\u2019exp\u00e9rience du Maroc en la mati\u00e8re constitue \u201cune exp\u00e9rience unique dans le monde arabe\u201d, citant l\u2019\u00e9tude de l\u2019intellectuel marocain Kamal Abdellatif intitul\u00e9e \u201dla justice transitionnelle et les mutations politiques au Maroc\u201d qui met l\u2019accent sur le r\u00f4le jou\u00e9 par l\u2019IER.<\/p>\n<p>L\u2019\u00e9tude explique que les d\u00e9bats ont offert aux diff\u00e9rents politiques et \u00e0 l\u2019\u00e9lite militante des droits de l\u2019homme et de la soci\u00e9t\u00e9 civile l\u2019opportunit\u00e9 de dialogue. Aussi, est-il temps pour les \u00e9lites politiques antagonistes de se livrer \u00e0 un face \u00e0 face clair (la qualit\u00e9 du relev\u00e9 de compte), de contracter un engagement historique apr\u00e8s une controverse entre les composantes du paysage politique qui a dur\u00e9 un demi-si\u00e8cle\u201d, selon l\u2019auteur.<\/p>\n<p>Axant ses travaux sur \u201dla gestion de la m\u00e9moire politique comme voie de r\u00e9conciliation\u201d, l\u2019instance s\u2019est fix\u00e9e des objectifs \u00e0 travers les auditions des victimes des violations des droits de l\u2019homme au Maroc post-ind\u00e9pendance : la pr\u00e9servation de la m\u00e9moire, la r\u00e9conciliation avec le pass\u00e9, la garantie de la non r\u00e9p\u00e9tition des violations des droits de l\u2019homme, la mise en place des garanties visant \u00e0 immuniser le pr\u00e9sent et l\u2019avenir contre la poursuite de ces violations et le soutien au projet de r\u00e9forme politique, d\u00e9mocratique, estime-t-il.<\/p>\n<p>L\u2019\u00e9tude d\u00e9montre que le rapport \u00e9labor\u00e9 par l\u2019instance constitue \u201dune excellente initiative dans les domaines des droits de l\u2019homme\u201d, consid\u00e8re l\u2019\u00e9crivain, observant que l\u2019instance a formul\u00e9 une s\u00e9rie de recommandations portant, notamment sur les r\u00e9formes constitutionnelles, visant le renforcement des outils pour la pratique d\u00e9mocratique et la garantie de la non r\u00e9p\u00e9tition des violations graves des droits de l\u2019homme.<\/p>\n<p>L\u2019IER a \u00e9mis une s\u00e9rie de recommandations portant notamment sur le renforcement du principe de la s\u00e9paration des pouvoirs, l\u2019explicitation dans le texte constitutionnel de la teneur des libert\u00e9s et droits fondamentaux, le renforcement du contr\u00f4le de la constitutionnalit\u00e9 des lois et des r\u00e8glements autonomes ressortant de l\u2019Ex\u00e9cutif, l\u2019int\u00e9gration dans le droit interne des d\u00e9finitions, qualifications et \u00e9l\u00e9ments constitutifs des crimes de disparition forc\u00e9e, de d\u00e9tention arbitraire, de g\u00e9nocide et autres crimes contre l\u2019humanit\u00e9, l\u2019adoption et la mise en \u0153uvre d\u2019une strat\u00e9gie nationale int\u00e9gr\u00e9e de lutte contre l\u2019impunit\u00e9, l\u2019\u00e9laboration et la mise en place de politiques publiques dans les secteurs de la justice, de la s\u00e9curit\u00e9 et du maintien de l\u2019ordre, de l\u2019\u00e9ducation et de la formation permanente, ainsi qu\u2019une implication active de l\u2019ensemble de la soci\u00e9t\u00e9. Cette strat\u00e9gie avait pour fondement le droit international humanitaire, rappelle-t-il.<\/p>\n<p>L\u2019IER consid\u00e8re que la consolidation de l\u2019Etat de droit exige, de plus, des r\u00e9formes dans le domaine s\u00e9curitaire, de la justice, de la l\u00e9gislation et de la politique p\u00e9nale, ajoute le journal bahre\u00efni.<\/p>\n","protected":false},"excerpt":{"rendered":"<p>Manama \u2013 L\u2019Instance \u00e9quit\u00e9 et r\u00e9conciliation (IER) au Maroc constitue une exp\u00e9rience pionni\u00e8re en mati\u00e8re de cons\u00e9cration du projet politique,<\/p>\n","protected":false},"author":2,"featured_media":0,"comment_status":"closed","ping_status":"closed","sticky":false,"template":"","format":"standard","meta":{"footnotes":""},"categories":[3,7],"tags":[],"class_list":["post-838","post","type-post","status-publish","format-standard","hentry","category-accueil","category-presse-marocaine"],"_links":{"self":[{"href":"http:\/\/anatem.info\/index.php?rest_route=\/wp\/v2\/posts\/838","targetHints":{"allow":["GET"]}}],"collection":[{"href":"http:\/\/anatem.info\/index.php?rest_route=\/wp\/v2\/posts"}],"about":[{"href":"http:\/\/anatem.info\/index.php?rest_route=\/wp\/v2\/types\/post"}],"author":[{"embeddable":true,"href":"http:\/\/anatem.info\/index.php?rest_route=\/wp\/v2\/users\/2"}],"replies":[{"embeddable":true,"href":"http:\/\/anatem.info\/index.php?rest_route=%2Fwp%2Fv2%2Fcomments&post=838"}],"version-history":[{"count":1,"href":"http:\/\/anatem.info\/index.php?rest_route=\/wp\/v2\/posts\/838\/revisions"}],"predecessor-version":[{"id":839,"href":"http:\/\/anatem.info\/index.php?rest_route=\/wp\/v2\/posts\/838\/revisions\/839"}],"wp:attachment":[{"href":"http:\/\/anatem.info\/index.php?rest_route=%2Fwp%2Fv2%2Fmedia&parent=838"}],"wp:term":[{"taxonomy":"category","embeddable":true,"href":"http:\/\/anatem.info\/index.php?rest_route=%2Fwp%2Fv2%2Fcategories&post=838"},{"taxonomy":"post_tag","embeddable":true,"href":"http:\/\/anatem.info\/index.php?rest_route=%2Fwp%2Fv2%2Ftags&post=838"}],"curies":[{"name":"wp","href":"https:\/\/api.w.org\/{rel}","templated":true}]}}