{"id":840,"date":"2014-02-10T19:01:06","date_gmt":"2014-02-10T19:01:06","guid":{"rendered":"http:\/\/anatem.info\/?p=840"},"modified":"2014-02-10T19:03:30","modified_gmt":"2014-02-10T19:03:30","slug":"sar-le-prince-moulay-rachid-quitte-tunis-apres-avoir-represente-sm-le-roi-la-ceremonie-officielle-dadoption-de-la-nouvelle-constitution","status":"publish","type":"post","link":"http:\/\/anatem.info\/?p=840","title":{"rendered":"SAR le Prince Moulay Rachid quitte Tunis apr\u00e8s avoir repr\u00e9sent\u00e9 SM le Roi \u00e0 la c\u00e9r\u00e9monie officielle d\u2019adoption de la nouvelle constitution"},"content":{"rendered":"<p><img decoding=\"async\" style=\"float: left; margin: 0 13px 20px 0; border: 3px solid #ececec;\" title=\"SAR le Prince Moulay Rachid quitte Tunis apr\u00e8s avoir repr\u00e9sent\u00e9 SM le Roi \u00e0 la c\u00e9r\u00e9monie officielle d\u2019adoption de la nouvelle constitution\" alt=\"SAR le Prince Moulay Rachid quitte Tunis apr\u00e8s avoir repr\u00e9sent\u00e9 SM le Roi \u00e0 la c\u00e9r\u00e9monie officielle d\u2019adoption de la nouvelle constitution\" src=\"http:\/\/www.mapexpress.ma\/wp-content\/uploads\/2014\/02\/SAR-Moulay-Rachid_7.jpg\" width=\"340\" \/><\/p>\n<p>Tunis (Source : MAP) \u2013 SAR le Prince Moulay Rachid a quitt\u00e9 Tunis, vendredi apr\u00e8s midi, apr\u00e8s avoir repr\u00e9sent\u00e9 SM le Roi Mohammed VI \u00e0 la c\u00e9r\u00e9monie officielle d\u2019adoption de la nouvelle constitution.<\/p>\n<p>A son d\u00e9part \u00e0 l\u2019a\u00e9roport, SAR le Prince Moulay Rachid a \u00e9t\u00e9 salu\u00e9 par Nidhal Ouerfelli, ministre, conseiller aupr\u00e8s du chef du gouvernement et Adnane Monser, ministre-directeur de Cabinet du pr\u00e9sident de la R\u00e9publique.<\/p>\n<p>Son Altesse Royale a \u00e9galement \u00e9t\u00e9 salu\u00e9 par l\u2019ambassadeur du Maroc en Tunisie, Mohamed Frej Doukkali, le Consul g\u00e9n\u00e9ral du Royaume \u00e0 Tunis, Jamal Hassan et les membres de la mission diplomatique marocaine \u00e0 Tunis.<\/p>\n<p>SAR le Prince Moulay Rachid \u00e9tait accompagn\u00e9 lors de cette visite du ministre des Affaires \u00e9trang\u00e8res et de la Coop\u00e9ration, Salaheddine Mezouar.<\/p>\n<p>&nbsp;<\/p>\n","protected":false},"excerpt":{"rendered":"<p>Tunis (Source : MAP) \u2013 SAR le Prince Moulay Rachid a quitt\u00e9 Tunis, vendredi apr\u00e8s midi, apr\u00e8s avoir repr\u00e9sent\u00e9 SM<\/p>\n","protected":false},"author":2,"featured_media":0,"comment_status":"closed","ping_status":"closed","sticky":false,"template":"","format":"standard","meta":{"footnotes":""},"categories":[3,7],"tags":[],"class_list":["post-840","post","type-post","status-publish","format-standard","hentry","category-accueil","category-presse-marocaine"],"_links":{"self":[{"href":"http:\/\/anatem.info\/index.php?rest_route=\/wp\/v2\/posts\/840","targetHints":{"allow":["GET"]}}],"collection":[{"href":"http:\/\/anatem.info\/index.php?rest_route=\/wp\/v2\/posts"}],"about":[{"href":"http:\/\/anatem.info\/index.php?rest_route=\/wp\/v2\/types\/post"}],"author":[{"embeddable":true,"href":"http:\/\/anatem.info\/index.php?rest_route=\/wp\/v2\/users\/2"}],"replies":[{"embeddable":true,"href":"http:\/\/anatem.info\/index.php?rest_route=%2Fwp%2Fv2%2Fcomments&post=840"}],"version-history":[{"count":2,"href":"http:\/\/anatem.info\/index.php?rest_route=\/wp\/v2\/posts\/840\/revisions"}],"predecessor-version":[{"id":842,"href":"http:\/\/anatem.info\/index.php?rest_route=\/wp\/v2\/posts\/840\/revisions\/842"}],"wp:attachment":[{"href":"http:\/\/anatem.info\/index.php?rest_route=%2Fwp%2Fv2%2Fmedia&parent=840"}],"wp:term":[{"taxonomy":"category","embeddable":true,"href":"http:\/\/anatem.info\/index.php?rest_route=%2Fwp%2Fv2%2Fcategories&post=840"},{"taxonomy":"post_tag","embeddable":true,"href":"http:\/\/anatem.info\/index.php?rest_route=%2Fwp%2Fv2%2Ftags&post=840"}],"curies":[{"name":"wp","href":"https:\/\/api.w.org\/{rel}","templated":true}]}}