{"id":857,"date":"2014-02-13T16:13:39","date_gmt":"2014-02-13T16:13:39","guid":{"rendered":"http:\/\/anatem.info\/?p=857"},"modified":"2014-02-13T16:13:58","modified_gmt":"2014-02-13T16:13:58","slug":"857","status":"publish","type":"post","link":"http:\/\/anatem.info\/?p=857","title":{"rendered":"SM le Roi pr\u00e9side la c\u00e9r\u00e9monie de lancement du programme de mise \u00e0 niveau urbaine int\u00e9gr\u00e9e de la ville de Sal\u00e9 2014-2016"},"content":{"rendered":"<p>Sa Majest\u00e9 le Roi Mohammed VI, que Dieu L\u2019assiste, a pr\u00e9sid\u00e9 le 12 f\u00e9vrier 2014 \u00e0 Sal\u00e9, la c\u00e9r\u00e9monie de lancement du programme de mise \u00e0 niveau urbaine int\u00e9gr\u00e9e de la ville (2014-2016), un projet structurant qui tend \u00e0 pr\u00e9server le patrimoine historique de cette Cit\u00e9 mill\u00e9naire, \u00e0 am\u00e9liorer le cadre de vie de ses habitants et \u00e0 redynamiser sa base socio-\u00e9conomique.<\/p>\n<p>Au d\u00e9but de cette c\u00e9r\u00e9monie, le Wali de la r\u00e9gion de Rabat Sal\u00e9 Zemmour Zaer, Gouverneur de M. Abdelouafi Laftit a pr\u00e9sent\u00e9 devant SM le Roi un expos\u00e9 dans lequel il a soulign\u00e9 que le nouveau programme a \u00e9t\u00e9 \u00e9labor\u00e9 conform\u00e9ment aux hautes orientations royales visant le d\u00e9veloppement du tissu urbain des diff\u00e9rentes villes du Royaume selon une vision coh\u00e9rente et \u00e9quilibr\u00e9e.<\/p>\n<p>Mobilisant des investissements de l\u2019ordre de 1,038 milliard de dirhams, le nouveau programme proc\u00e8de d\u2019une approche participative syst\u00e9matique ayant associ\u00e9 les diff\u00e9rents acteurs de la ville, a ajout\u00e9 M. Laftit, notant que ce programme triennal s\u2019articule autour de quatre principaux axes, \u00e0 savoir la pr\u00e9servation de la culture et du patrimoine de la ville, le renforcement des infrastructures de base, le d\u00e9veloppement du secteur touristique et de l\u2019artisanat, la lutte contre l\u2019habitat insalubre.<\/p>\n<p>Le programme de mise \u00e0 niveau urbaine int\u00e9gr\u00e9e de la ville de Sal\u00e9 ambitionne ainsi la r\u00e9habilitation de l\u2019ancienne m\u00e9dina de Sal\u00e9, des foundouks et des habitations mena\u00e7ant ruine, la promotion des m\u00e9tiers de l\u2019artisanat, la restauration des monuments historiques de la ville, l\u2019am\u00e9nagement de la corniche et de la route c\u00f4ti\u00e8re, la mise \u00e0 niveau de certaines avenues (Hay Essalam, Abderrahim Bouabid, Atlas Al Kabir, Ibn Al Haitam) et des entr\u00e9es de la ville, ainsi que la qualification des quartiers sous-\u00e9quip\u00e9s.<\/p>\n<p>Le programme de mise \u00e0 niveau de la ville de Sal\u00e9 vise, \u00e0 terme, \u00e0 r\u00e9partir \u00e9quitablement les \u00e9quipements de proximit\u00e9 entre les diff\u00e9rentes composantes urbaines de la Cit\u00e9, \u00e0 promouvoir l\u2019emploi et \u00e0 cr\u00e9er la richesse, \u00e0 assurer une mixit\u00e9 socio-spatiale et \u00e0 am\u00e9liorer les conditions de vie de la population.<\/p>\n<p>La concr\u00e9tisation dudit programme est le fruit d\u2019un partenariat entre les minist\u00e8res de l\u2019Int\u00e9rieur (250 MDH), de l\u2019Habitat et de la politique de la ville (157,5 MDH), de la Culture (13 MDH), des Habous et des Affaires islamiques (19,5 MDH), de l&rsquo;Artisanat, de l&rsquo;Economie sociale et solidaire (5 MDH), la municipalit\u00e9 de Sal\u00e9 (365 MDH), le conseil provincial (50 MDH), le Conseil de la r\u00e9gion de Rabat Sal\u00e9 Zemmmour Zaer (13 MDH),\u00a0 l\u2019Initiative nationale pour le d\u00e9veloppement humain (35 MDH), des partenaires priv\u00e9s (30 MDH) et des associations (100 MDH).<\/p>\n<p>A cette occasion, SM le Roi, que Dieu L\u2019assiste, a pr\u00e9sid\u00e9 la c\u00e9r\u00e9monie de signature de la convention de partenariat relative au programme de mise \u00e0 niveau urbaine int\u00e9gr\u00e9e de la ville de Sal\u00e9 (2014-2016). Elle a \u00e9t\u00e9 sign\u00e9e par Mohamed Hassad, ministre de l&rsquo;Int\u00e9rieur, Ahmed Toufiq, ministre des Habous et des Affaires islamiques, Mohamed Nabil Benabdellah, ministre de l&rsquo;Habitat et de la politique de la ville, Fatima Merouane, ministre de l&rsquo;Artisanat, de l&rsquo;Economie sociale et solidaire.<\/p>\n<p>Elle a \u00e9galement \u00e9t\u00e9 sign\u00e9e par Mohamed Lotfi Mrini, secr\u00e9taire g\u00e9n\u00e9ral du minist\u00e8re de la Culture, Abdelouafi Laftit, Abdelkebir Berkia, pr\u00e9sident du Conseil r\u00e9gional, Mustafa Kheidri, gouverneur de la pr\u00e9fecture de Sal\u00e9, Noureddine Lazrak, pr\u00e9sident du conseil de la commune urbaine de Sal\u00e9 et Mohamed Allahya, pr\u00e9sident du conseil pr\u00e9fectoral de Sal\u00e9.<\/p>\n<p>Fond\u00e9 sur une approche innovante en termes de transversalit\u00e9, d&rsquo;int\u00e9gration et de coh\u00e9rence des interventions publiques, ce programme de mise \u00e0 niveau urbaine int\u00e9gr\u00e9e aura certainement des retomb\u00e9s b\u00e9n\u00e9fiques sur la ville de Sal\u00e9 qui verra ainsi son infrastructure de base consolid\u00e9e, son environnement \u00e9quilibr\u00e9 et ses citoyens \u00e9panouis.<\/p>\n","protected":false},"excerpt":{"rendered":"<p>Sa Majest\u00e9 le Roi Mohammed VI, que Dieu L\u2019assiste, a pr\u00e9sid\u00e9 le 12 f\u00e9vrier 2014 \u00e0 Sal\u00e9, la c\u00e9r\u00e9monie de<\/p>\n","protected":false},"author":2,"featured_media":190,"comment_status":"closed","ping_status":"closed","sticky":false,"template":"","format":"standard","meta":{"footnotes":""},"categories":[3,5],"tags":[],"class_list":["post-857","post","type-post","status-publish","format-standard","has-post-thumbnail","hentry","category-accueil","category-maghreb-news"],"_links":{"self":[{"href":"http:\/\/anatem.info\/index.php?rest_route=\/wp\/v2\/posts\/857","targetHints":{"allow":["GET"]}}],"collection":[{"href":"http:\/\/anatem.info\/index.php?rest_route=\/wp\/v2\/posts"}],"about":[{"href":"http:\/\/anatem.info\/index.php?rest_route=\/wp\/v2\/types\/post"}],"author":[{"embeddable":true,"href":"http:\/\/anatem.info\/index.php?rest_route=\/wp\/v2\/users\/2"}],"replies":[{"embeddable":true,"href":"http:\/\/anatem.info\/index.php?rest_route=%2Fwp%2Fv2%2Fcomments&post=857"}],"version-history":[{"count":2,"href":"http:\/\/anatem.info\/index.php?rest_route=\/wp\/v2\/posts\/857\/revisions"}],"predecessor-version":[{"id":859,"href":"http:\/\/anatem.info\/index.php?rest_route=\/wp\/v2\/posts\/857\/revisions\/859"}],"wp:featuredmedia":[{"embeddable":true,"href":"http:\/\/anatem.info\/index.php?rest_route=\/wp\/v2\/media\/190"}],"wp:attachment":[{"href":"http:\/\/anatem.info\/index.php?rest_route=%2Fwp%2Fv2%2Fmedia&parent=857"}],"wp:term":[{"taxonomy":"category","embeddable":true,"href":"http:\/\/anatem.info\/index.php?rest_route=%2Fwp%2Fv2%2Fcategories&post=857"},{"taxonomy":"post_tag","embeddable":true,"href":"http:\/\/anatem.info\/index.php?rest_route=%2Fwp%2Fv2%2Ftags&post=857"}],"curies":[{"name":"wp","href":"https:\/\/api.w.org\/{rel}","templated":true}]}}