{"id":962,"date":"2014-02-26T15:12:05","date_gmt":"2014-02-26T15:12:05","guid":{"rendered":"http:\/\/anatem.info\/?p=962"},"modified":"2014-02-26T15:12:05","modified_gmt":"2014-02-26T15:12:05","slug":"sm-le-roi-preside-abidjan-la-ceremonie-de-cloture-du-forum-economique-ivoiro-marocain","status":"publish","type":"post","link":"http:\/\/anatem.info\/?p=962","title":{"rendered":"SM le Roi pr\u00e9side \u00e0 Abidjan la c\u00e9r\u00e9monie de cl\u00f4ture du Forum \u00e9conomique ivoiro-marocain"},"content":{"rendered":"<p style=\"text-align: justify;\"><a href=\"http:\/\/anatem.info\/wp-content\/uploads\/2014\/02\/Forum-Ivoiro-Marocain-Cloture-00291.jpg\"><img decoding=\"async\" class=\"size-medium wp-image-964 alignleft\" alt=\"Forum-Ivoiro-Marocain-Cloture-0029\" src=\"http:\/\/anatem.info\/wp-content\/uploads\/2014\/02\/Forum-Ivoiro-Marocain-Cloture-00291-300x161.jpg\" width=\"300\" height=\"161\" \/><\/a>Le Souverain Marocain, accompagn\u00e9 du Premier ministre de la R\u00e9publique de C\u00f4te d&rsquo;Ivoire, M. Daniel Kablan Duncan, a pr\u00e9sid\u00e9, mardi \u00e0 Abidjan, la c\u00e9r\u00e9monie de cl\u00f4ture du Forum \u00e9conomique ivoiro-marocain, qui traduit la d\u00e9termination\u00a0 de SM Mohammed VI \u00e0 renforcer les relations entre les deux pays fr\u00e8res, en imprimant une nouvelle dynamique \u00e0 leur coop\u00e9ration \u00e9conomique.<\/p>\n<p style=\"text-align: justify;\">A cette occasion, le ministre des Affaires \u00e9trang\u00e8res et de la Coop\u00e9ration, M. Salahedine Mezouar, a prononc\u00e9 une allocution devant SM le Roi dans laquelle il a soulign\u00e9 que le Maroc et la C\u00f4te d\u2019Ivoire ont des positionnements strat\u00e9giques compl\u00e9mentaires. Des vocations sous-r\u00e9gionales, voire continentales, qui pourront se d\u00e9velopper mutuellement.<\/p>\n<p style=\"text-align: justify;\">\u00ab\u00a0Le Maroc et la C\u00f4te d\u2019Ivoire sont en \u00e9mergence. Ensemble nous renforcerons le co-d\u00e9veloppement au service de toute l\u2019Afrique de l\u2019Ouest, ce qui nous permettra d\u2019atteindre l\u2019\u00e9mergence esp\u00e9r\u00e9e de mani\u00e8re plus puissante et plus rapide\u00a0\u00bb, a poursuivi M. Mezouar, notant que \u00ab\u00a0dans un monde globalis\u00e9, la mise en r\u00e9seau et les axes strat\u00e9giques forts sont des atouts. Nos deux pays hubs dans leurs r\u00e9gions se renforceront les uns les autres\u00a0\u00bb.<\/p>\n<p style=\"text-align: justify;\">Et de conclure que les deux pays fr\u00e8res sont outill\u00e9s pour illustrer cette Afrique d\u00e9complex\u00e9e et tourn\u00e9e vers l\u2019avenir, une Afrique qui \u00e9crit, par elle-m\u00eame, sereinement, des pages nouvelles et prometteuses de son histoire.<\/p>\n<p style=\"text-align: justify;\">\u00a0Le Premier ministre de la R\u00e9publique de C\u00f4te d\u2019Ivoire, M. Daniel Kablan Duncan, a, pour sa part, indiqu\u00e9 que le gouvernement ivoirien voudrait se f\u00e9liciter de l\u2019engagement constant du Royaume, qui a toujours manifest\u00e9 un grand int\u00e9r\u00eat \u00e0 tout ce qui touche en g\u00e9n\u00e9ral \u00e0 l\u2019Afrique subsaharienne et particuli\u00e8rement l\u2019Afrique de l\u2019Ouest avec la C\u00f4te d\u2019Ivoire comme point focal et t\u00eate de pont de l\u2019action marocaine dans notre r\u00e9gion.<\/p>\n<p style=\"text-align: justify;\">M.\u00a0 Daniel Kablan Duncan a, en outre, indiqu\u00e9 que les engagements pris lors de ce forum doivent permettre de r\u00e9pondre aux attentes des peuples marocain et ivoirien et ce, par la r\u00e9duction continue de la pauvret\u00e9 et la cr\u00e9ation des richesses et d\u2019emplois, surtout en faveur des jeunes et des femmes.<\/p>\n<p style=\"text-align: justify;\">Cette c\u00e9r\u00e9monie a \u00e9t\u00e9 \u00e9galement marqu\u00e9e par la signature de 26 accords de partenariat public-priv\u00e9 et d\u2019investissement. Ces accords s&rsquo;inscrivent dans le cadre des Hautes orientations royales contenues dans le discours de SM le Roi \u00e0 l&rsquo;occasion de l&rsquo;ouverture du Forum \u00e9conomique ivoiro-marocain et relatives au renforcement de la coop\u00e9ration Sud\/Sud et \u00e0 la dynamisation du r\u00f4le du secteur priv\u00e9.<\/p>\n<p style=\"text-align: justify;\">Ces accords, qui couvrent diff\u00e9rents secteurs (\u00e9ducation, Formation, habitat, agriculture, p\u00eache maritime, investissement, tourisme, commerce, TIC &#8230;etc), illustrent la vision \u00e9clair\u00e9e de SM le Roi en mati\u00e8re de d\u00e9veloppement humain durable, comme ils traduisent la volont\u00e9 des deux pays fr\u00e8res de donner une forte impulsion au partenariat bilat\u00e9ral, pour en faire un mod\u00e8le de coop\u00e9ration Sud\/Sud.<\/p>\n<p style=\"text-align: justify;\">Organis\u00e9 par la Conf\u00e9d\u00e9ration g\u00e9n\u00e9rale des entreprises de la C\u00f4te d\u2019Ivoire (CGECI) et la Conf\u00e9d\u00e9ration g\u00e9n\u00e9rale des entreprises du Maroc (CGEM), en partenariat avec le Centre de promotion des investissements en C\u00f4te d\u2019Ivoire (CEPICI), la Chambre de commerce et d&rsquo;industrie de C\u00f4te d&rsquo;Ivoire et la F\u00e9d\u00e9ration ivoirienne des petites et moyennes entreprises (FIPME), ce forum \u00e9conomique multisectoriel a \u00e9t\u00e9 l\u2019occasion pour pr\u00e9senter l\u2019expertise marocaine dans toute sa diversit\u00e9, les opportunit\u00e9s d\u2019affaires et de partenariat entre les entreprises marocaines et ivoiriennes, ainsi que les potentialit\u00e9s qu\u2019offre le march\u00e9 ivoirien.<\/p>\n<p style=\"text-align: justify;\">Les participants ont eu \u00e0 discuter, deux jours durant, des opportunit\u00e9s d\u2019investissement en C\u00f4te d\u2019Ivoire, du cadre institutionnel et r\u00e9glementaire des partenariats public-priv\u00e9, des attentes des investisseurs marocains en C\u00f4te d\u2019Ivoire et des opportunit\u00e9s d\u2019investissement dans des secteurs porteurs (Agriculture, Industrie, Mines, Energie, Hydrocarbures, Infrastructures, BTP, Transport, Logistique, Sant\u00e9, Tourisme, TIC..).<\/p>\n<p style=\"text-align: justify;\">\u00a0 Plus de 400 op\u00e9rateurs ivoiriens et une centaine d\u2019entreprises marocaines ont r\u00e9pondu pr\u00e9sents \u00e0 cette grande manifestation qui leur a offert l\u2019opportunit\u00e9 de d\u00e9couvrir certaines exp\u00e9riences r\u00e9ussies d\u2019investisseurs marocains implant\u00e9s en C\u00f4te d\u2019Ivoire.<\/p>\n<p style=\"text-align: justify;\">La c\u00e9r\u00e9monie de cl\u00f4ture s\u2019est d\u00e9roul\u00e9e en pr\u00e9sence des membres du gouvernement ivoirien, des repr\u00e9sentants des organisations patronales marocaine et ivoirienne, des repr\u00e9sentants des missions diplomatiques accr\u00e9dit\u00e9es \u00e0 Abidjan, ainsi que des membres de la d\u00e9l\u00e9gation officielle accompagnant le Souverain dans cette visite de travail et d\u2019amiti\u00e9.<\/p>\n","protected":false},"excerpt":{"rendered":"<p>Le Souverain Marocain, accompagn\u00e9 du Premier ministre de la R\u00e9publique de C\u00f4te d&rsquo;Ivoire, M. Daniel Kablan Duncan, a pr\u00e9sid\u00e9, mardi<\/p>\n","protected":false},"author":2,"featured_media":0,"comment_status":"closed","ping_status":"closed","sticky":false,"template":"","format":"standard","meta":{"footnotes":""},"categories":[3,62],"tags":[66,63,68,13,67],"class_list":["post-962","post","type-post","status-publish","format-standard","hentry","category-accueil","category-afrique","tag-cooperation","tag-cote-divoire","tag-forum-economique-ivoiro-marocain","tag-maroc","tag-partenariat"],"_links":{"self":[{"href":"http:\/\/anatem.info\/index.php?rest_route=\/wp\/v2\/posts\/962","targetHints":{"allow":["GET"]}}],"collection":[{"href":"http:\/\/anatem.info\/index.php?rest_route=\/wp\/v2\/posts"}],"about":[{"href":"http:\/\/anatem.info\/index.php?rest_route=\/wp\/v2\/types\/post"}],"author":[{"embeddable":true,"href":"http:\/\/anatem.info\/index.php?rest_route=\/wp\/v2\/users\/2"}],"replies":[{"embeddable":true,"href":"http:\/\/anatem.info\/index.php?rest_route=%2Fwp%2Fv2%2Fcomments&post=962"}],"version-history":[{"count":1,"href":"http:\/\/anatem.info\/index.php?rest_route=\/wp\/v2\/posts\/962\/revisions"}],"predecessor-version":[{"id":965,"href":"http:\/\/anatem.info\/index.php?rest_route=\/wp\/v2\/posts\/962\/revisions\/965"}],"wp:attachment":[{"href":"http:\/\/anatem.info\/index.php?rest_route=%2Fwp%2Fv2%2Fmedia&parent=962"}],"wp:term":[{"taxonomy":"category","embeddable":true,"href":"http:\/\/anatem.info\/index.php?rest_route=%2Fwp%2Fv2%2Fcategories&post=962"},{"taxonomy":"post_tag","embeddable":true,"href":"http:\/\/anatem.info\/index.php?rest_route=%2Fwp%2Fv2%2Ftags&post=962"}],"curies":[{"name":"wp","href":"https:\/\/api.w.org\/{rel}","templated":true}]}}