{"id":1014,"date":"2014-03-05T13:02:32","date_gmt":"2014-03-05T13:02:32","guid":{"rendered":"http:\/\/anatem.info\/?p=1014"},"modified":"2014-03-05T13:02:32","modified_gmt":"2014-03-05T13:02:32","slug":"la-guinee-plaide-pour-le-retour-du-maroc-au-sein-de-lunion-africaine","status":"publish","type":"post","link":"https:\/\/anatem.info\/?p=1014","title":{"rendered":"La Guin\u00e9e plaide pour le retour du Maroc au sein de l&rsquo;Union Africaine."},"content":{"rendered":"<p style=\"text-align: justify;\"><a href=\"http:\/\/anatem.info\/wp-content\/uploads\/2014\/03\/M6-conackry.jpg\"><img fetchpriority=\"high\" decoding=\"async\" class=\"size-medium wp-image-1005 alignleft\" alt=\"M6-conackry\" src=\"http:\/\/anatem.info\/wp-content\/uploads\/2014\/03\/M6-conackry-300x180.jpg\" width=\"300\" height=\"180\" \/><\/a>CONAKRY, 04 mars 2014 (AFP) &#8211; Le Maroc et la Guin\u00e9e ont sign\u00e9 le 3 mars 2014 soir une vingtaine d&rsquo;accords et de conventions dans le cadre de leur coop\u00e9ration, quelques heures apr\u00e8s l&rsquo;arriv\u00e9e \u00e0 Conakry du roi Mohammed VI pour une visite officielle de trois jours, a constat\u00e9 un journaliste de l&rsquo;AFP.<\/p>\n<p style=\"text-align: justify;\">Ces accords et conventions concernent diff\u00e9rents secteurs: p\u00eache, agriculture, commerce, tourisme, urbanisme, hydraulique, \u00e9nergie et mines, a-t-on indiqu\u00e9 lors de la c\u00e9r\u00e9monie de signature qui s&rsquo;est d\u00e9roul\u00e9e en pr\u00e9sence du souverain marocain et du pr\u00e9sident guin\u00e9en Alpha Cond\u00e9.<\/p>\n<p style=\"text-align: justify;\">Les deux dirigeants avaient auparavant eu un entretien en t\u00eate-\u00e0-t\u00eate, le deuxi\u00e8me depuis l&rsquo;arriv\u00e9e, lundi apr\u00e8s-midi, de Mohammed VI, qui a eu droit \u00e0 un accueil populaire, des milliers de personnes l&rsquo;ayant acclam\u00e9 sur le parcours de son cort\u00e8ge de l&rsquo;a\u00e9roport jusqu&rsquo;au centre-ville de Conakry.<\/p>\n<p style=\"text-align: justify;\">Dans une allocution apr\u00e8s la signature des accords, le pr\u00e9sident Cond\u00e9 a annonc\u00e9 que le Palais des Nations, complexe de b\u00e2timents publics proche du si\u00e8ge du Palais pr\u00e9sidentiel, a \u00e9t\u00e9 rebaptis\u00e9 Mohammed V, du nom du grand-p\u00e8re du roi du Maroc.<\/p>\n<p style=\"text-align: justify;\">Ce complexe construit au d\u00e9but des ann\u00e9es 1990 a \u00e9t\u00e9 \u00ab\u00a0t\u00e9moin de certains grands faits\u00a0\u00bb de l&rsquo;histoire de la Guin\u00e9e, et apr\u00e8s avoir subi des bombardements lors d&rsquo;une mutinerie militaire en 1996, il a \u00e9t\u00e9 laiss\u00e9 \u00ab\u00a0\u00e0 l&rsquo;abandon pendant 15 ans\u00a0\u00bb, a expliqu\u00e9 M. Cond\u00e9.<\/p>\n<p style=\"text-align: justify;\">\u00ab\u00a0Depuis un an et ce, gr\u00e2ce \u00e0 la dext\u00e9rit\u00e9 et au savoir-faire d&rsquo;une soci\u00e9t\u00e9 marocaine, nous avons pu reconstruire ce palais. Et le roi Mohammed VI est la premi\u00e8re personnalit\u00e9 \u00e0 avoir habit\u00e9 ce palais\u00a0\u00bb r\u00e9habilit\u00e9, \u00ab\u00a0nous sommes tomb\u00e9s d&rsquo;accord de donner le nom du palais \u00e0 une \u00e9minente personnalit\u00e9 du continent qui a jou\u00e9 un grand r\u00f4le dans la lib\u00e9ration et l&rsquo;unit\u00e9 africaines (&#8230;), c&rsquo;est le roi Mohammed V\u00a0\u00bb, a-t-il d\u00e9clar\u00e9.<\/p>\n<p style=\"text-align: justify;\">Le roi du Maroc, accompagn\u00e9 d&rsquo;une forte d\u00e9l\u00e9gation, s\u00e9journera en Guin\u00e9e jusqu&rsquo;\u00e0 mercredi, selon un programme officiel.<\/p>\n<p style=\"text-align: justify;\">Mohammed VI et Alpha Cond\u00e9 doivent visiter un h\u00f4pital militaire marocain de campagne au Palais du peuple, si\u00e8ge de l&rsquo;Assembl\u00e9e nationale \u00e0 Conakry, o\u00f9 des milliers de personnes re\u00e7oivent depuis une dizaine de jours des soins gratuits.<\/p>\n<p style=\"text-align: justify;\">Ils poseront \u00e9galement la premi\u00e8re pierre de projets immobiliers pour la police guin\u00e9enne dans la capitale.<\/p>\n<p style=\"text-align: justify;\">Mohammed VI doit quitter Conakry le 5 mars 2014 apr\u00e8s-midi apr\u00e8s avoir visit\u00e9 une usine de ciment et inaugur\u00e9 une unit\u00e9 industrielle cr\u00e9\u00e9e par des op\u00e9rateurs guin\u00e9ens et marocains.<\/p>\n<p style=\"text-align: justify;\">La Guin\u00e9e est la troisi\u00e8me \u00e9tape d&rsquo;une tourn\u00e9e qu&rsquo;il effectue depuis le 18 f\u00e9vrier en Afrique subsaharienne, qui l&rsquo;a d\u00e9j\u00e0 men\u00e9 au Mali et en C\u00f4te d&rsquo;Ivoire. Il doit se rendre ensuite au Gabon, derni\u00e8re \u00e9tape de son p\u00e9riple.<\/p>\n<p style=\"text-align: justify;\">Le Maroc a quitt\u00e9 il y a trente ans l&rsquo;Organisation de l&rsquo;unit\u00e9 africaine (OUA), devenue Union africaine (UA) pour protester contre la reconnaissance par cette organisation de la R\u00e9publique arabe sahraouie d\u00e9mocratique (RASD, soutenue par l&rsquo;Alg\u00e9rie) sur un territoire qu&rsquo;il revendique. Toutefois, le royaume s&rsquo;investit de plus en plus en Afrique subsaharienne.<\/p>\n<p style=\"text-align: justify;\">Le ministre guin\u00e9en des Affaires \u00e9trang\u00e8res, Fran\u00e7ois Lonseny Fall, a affirm\u00e9 que la Guin\u00e9e soutenait le plan propos\u00e9 par le Maroc pour une autonomisation du Sahara occidental, dans un entretien \u00e0 la presse marocaine en pr\u00e9lude \u00e0 la visite du roi Mohammed VI \u00e0 Conakry.<\/p>\n<p style=\"text-align: justify;\">\u00ab\u00a0La Guin\u00e9e d\u00e9fend et soutient la proposition d&rsquo;autonomie, et nous allons r\u00e9affirmer cette position\u00a0\u00bb lors du s\u00e9jour du souverain marocain, a indiqu\u00e9 M. Fall.<\/p>\n<p style=\"text-align: justify;\">Il a par ailleurs dit que son pays \u00ab\u00a0se battra pour que le Maroc revienne au sein de l&rsquo;organisation panafricaine\u00a0\u00bb. \u00ab\u00a0Il faut que le Maroc retrouve son si\u00e8ge l\u00e9gitime au sein de l&rsquo;UA et qu&rsquo;il y joue pleinement son r\u00f4le\u00a0\u00bb, a-t-il d\u00e9clar\u00e9.<\/p>\n","protected":false},"excerpt":{"rendered":"<p>CONAKRY, 04 mars 2014 (AFP) &#8211; Le Maroc et la Guin\u00e9e ont sign\u00e9 le 3 mars 2014 soir une vingtaine<\/p>\n","protected":false},"author":2,"featured_media":0,"comment_status":"closed","ping_status":"closed","sticky":false,"template":"","format":"standard","meta":{"footnotes":""},"categories":[3,62],"tags":[],"class_list":["post-1014","post","type-post","status-publish","format-standard","hentry","category-accueil","category-afrique"],"_links":{"self":[{"href":"https:\/\/anatem.info\/index.php?rest_route=\/wp\/v2\/posts\/1014","targetHints":{"allow":["GET"]}}],"collection":[{"href":"https:\/\/anatem.info\/index.php?rest_route=\/wp\/v2\/posts"}],"about":[{"href":"https:\/\/anatem.info\/index.php?rest_route=\/wp\/v2\/types\/post"}],"author":[{"embeddable":true,"href":"https:\/\/anatem.info\/index.php?rest_route=\/wp\/v2\/users\/2"}],"replies":[{"embeddable":true,"href":"https:\/\/anatem.info\/index.php?rest_route=%2Fwp%2Fv2%2Fcomments&post=1014"}],"version-history":[{"count":1,"href":"https:\/\/anatem.info\/index.php?rest_route=\/wp\/v2\/posts\/1014\/revisions"}],"predecessor-version":[{"id":1015,"href":"https:\/\/anatem.info\/index.php?rest_route=\/wp\/v2\/posts\/1014\/revisions\/1015"}],"wp:attachment":[{"href":"https:\/\/anatem.info\/index.php?rest_route=%2Fwp%2Fv2%2Fmedia&parent=1014"}],"wp:term":[{"taxonomy":"category","embeddable":true,"href":"https:\/\/anatem.info\/index.php?rest_route=%2Fwp%2Fv2%2Fcategories&post=1014"},{"taxonomy":"post_tag","embeddable":true,"href":"https:\/\/anatem.info\/index.php?rest_route=%2Fwp%2Fv2%2Ftags&post=1014"}],"curies":[{"name":"wp","href":"https:\/\/api.w.org\/{rel}","templated":true}]}}