{"id":1019,"date":"2014-03-06T16:39:34","date_gmt":"2014-03-06T16:39:34","guid":{"rendered":"http:\/\/anatem.info\/?p=1019"},"modified":"2014-03-06T16:39:34","modified_gmt":"2014-03-06T16:39:34","slug":"sm-le-roi-accompagne-du-president-guineen-inaugure-les-moulins-de-lafrique-pres-de-conakry","status":"publish","type":"post","link":"https:\/\/anatem.info\/?p=1019","title":{"rendered":"SM le Roi, accompagn\u00e9 du pr\u00e9sident guin\u00e9en, inaugure les \u00ab\u00a0\u00a0\u00bbMoulins de l&rsquo;Afrique \u00ab\u00a0\u00a0\u00bbpr\u00e8s de Conakry"},"content":{"rendered":"<p style=\"text-align: justify;\"><a href=\"http:\/\/anatem.info\/wp-content\/uploads\/2014\/03\/m6-conakry-3.jpg\"><img fetchpriority=\"high\" decoding=\"async\" class=\"size-full wp-image-1020 alignleft\" alt=\"m6-conakry-3\" src=\"http:\/\/anatem.info\/wp-content\/uploads\/2014\/03\/m6-conakry-3.jpg\" width=\"275\" height=\"183\" \/><\/a>Conakry, 05 mars 2014 (MAP) &#8211; Sa Majest\u00e9 le Roi Mohammed VI, que Dieu L&rsquo;assiste, accompagn\u00e9 du pr\u00e9sident guin\u00e9en, le Pr. Alpha Cond\u00e9, a proc\u00e9d\u00e9, mercredi dans la commune de Matoto, \u00e0 une vingtaine de Km de Conakry, \u00e0 l&rsquo;inauguration de la minoterie les \u00ab\u00a0\u00a0\u00bbMoulins de l&rsquo;Afrique\u00a0\u00bb\u00a0\u00bb.<\/p>\n<p style=\"text-align: justify;\">Fruit d&rsquo;une joint-venture entre les Moulins Lahlal (Maroc) et la Compagnie Sonoco SA (Guin\u00e9e), cette nouvelle unit\u00e9 industrielle a \u00e9t\u00e9 r\u00e9alis\u00e9e pour un investissement de plus de 30 millions d&rsquo;euros.<\/p>\n<p style=\"text-align: justify;\">B\u00e2tie sur une superficie de 3,5 ha, dans la zone industrielle de Sonfonia (commune de Matoto), cette minoterie de derni\u00e8re g\u00e9n\u00e9ration, d&rsquo;une capacit\u00e9 install\u00e9e de 900 tonnes par jour, a b\u00e9n\u00e9fici\u00e9 de la confiance des partenaires financiers institutionnels et d&rsquo;un pool de banques locales.<\/p>\n<p style=\"text-align: justify;\">L&rsquo;usine a pour vocation l&rsquo;\u00e9crasement du bl\u00e9 pour la fabrication de la farine fortifi\u00e9e propre \u00e0 la pr\u00e9paration du pain, des p\u00e2tes alimentaires et autres produits d\u00e9riv\u00e9s. Elle poss\u00e8de une unit\u00e9 de production de son destin\u00e9 \u00e0 l&rsquo;alimentation de b\u00e9tail (bovins et volailles).<\/p>\n<p style=\"text-align: justify;\">La capacit\u00e9 mensuelle de production de l&rsquo;usine est estim\u00e9e \u00e0 pr\u00e8s de 19.000 tonnes de farine et \u00e0 6.250 tonnes de son, permettant de r\u00e9pondre aux besoins du march\u00e9 guin\u00e9en.<\/p>\n<p style=\"text-align: justify;\">S&rsquo;inscrivant en droite ligne de la coop\u00e9ration Sud-Sud, \u00e9rig\u00e9e par SM le Roi en priorit\u00e9 de la politique ext\u00e9rieure du Maroc, ainsi que du d\u00e9veloppement de partenariats gagnant-gagnant, cette nouvelle minoterie va g\u00e9n\u00e9rer environ 500 emplois directs.<\/p>\n<p style=\"text-align: justify;\">L&rsquo;usine b\u00e9n\u00e9ficie d&rsquo;un taux d&rsquo;encadrement \u00e9lev\u00e9 assur\u00e9 par 45 ing\u00e9nieurs et techniciens (marocains, guin\u00e9ens, suisses, polonais et fran\u00e7ais), ce qui lui permet de constituer un vecteur tr\u00e8s important de transfert de la technologie\u00a0\u00a0 La r\u00e9alisation de cette unit\u00e9 industrielle cadre parfaitement avec le programme quinquennal du gouvernement guin\u00e9en qui place l&rsquo;autosuffisance alimentaire au c\u0153ur de ses priorit\u00e9s.<\/p>\n<p style=\"text-align: justify;\">Le Souverain, accompagn\u00e9 du pr\u00e9sident guin\u00e9en, a coup\u00e9 le ruban symbolique avant d&rsquo;effectuer une tourn\u00e9e dans la nouvelle minoterie qui comporte, notamment, des silos de stockage du bl\u00e9 import\u00e9, d&rsquo;une capacit\u00e9 de 60.000 tonnes, deux moulins, une unit\u00e9 d&#8217;emballage de la farine, trois hangars de stockage de son et trois autres grands hangars r\u00e9serv\u00e9s actuellement au stockage de la farine import\u00e9e du Maroc.<\/p>\n<p style=\"text-align: justify;\">A Son arriv\u00e9e sur le site, Sa Majest\u00e9 le Roi Mohammed VI a \u00e9t\u00e9 salu\u00e9 par le ministre marocain de l&rsquo;Agriculture et de la p\u00eache maritime, le PDG des Moulins d&rsquo;Afrique, le PDG des Moulins Lahlal, associ\u00e9 des Moulins d&rsquo;Afrique, le Directeur G\u00e9n\u00e9ral du groupe SONOCO et les cadres de l&rsquo;entreprise. (MAP).<\/p>\n","protected":false},"excerpt":{"rendered":"<p>Conakry, 05 mars 2014 (MAP) &#8211; Sa Majest\u00e9 le Roi Mohammed VI, que Dieu L&rsquo;assiste, accompagn\u00e9 du pr\u00e9sident guin\u00e9en, le<\/p>\n","protected":false},"author":2,"featured_media":1020,"comment_status":"closed","ping_status":"closed","sticky":false,"template":"","format":"standard","meta":{"footnotes":""},"categories":[3,62],"tags":[],"class_list":["post-1019","post","type-post","status-publish","format-standard","has-post-thumbnail","hentry","category-accueil","category-afrique"],"_links":{"self":[{"href":"https:\/\/anatem.info\/index.php?rest_route=\/wp\/v2\/posts\/1019","targetHints":{"allow":["GET"]}}],"collection":[{"href":"https:\/\/anatem.info\/index.php?rest_route=\/wp\/v2\/posts"}],"about":[{"href":"https:\/\/anatem.info\/index.php?rest_route=\/wp\/v2\/types\/post"}],"author":[{"embeddable":true,"href":"https:\/\/anatem.info\/index.php?rest_route=\/wp\/v2\/users\/2"}],"replies":[{"embeddable":true,"href":"https:\/\/anatem.info\/index.php?rest_route=%2Fwp%2Fv2%2Fcomments&post=1019"}],"version-history":[{"count":1,"href":"https:\/\/anatem.info\/index.php?rest_route=\/wp\/v2\/posts\/1019\/revisions"}],"predecessor-version":[{"id":1021,"href":"https:\/\/anatem.info\/index.php?rest_route=\/wp\/v2\/posts\/1019\/revisions\/1021"}],"wp:featuredmedia":[{"embeddable":true,"href":"https:\/\/anatem.info\/index.php?rest_route=\/wp\/v2\/media\/1020"}],"wp:attachment":[{"href":"https:\/\/anatem.info\/index.php?rest_route=%2Fwp%2Fv2%2Fmedia&parent=1019"}],"wp:term":[{"taxonomy":"category","embeddable":true,"href":"https:\/\/anatem.info\/index.php?rest_route=%2Fwp%2Fv2%2Fcategories&post=1019"},{"taxonomy":"post_tag","embeddable":true,"href":"https:\/\/anatem.info\/index.php?rest_route=%2Fwp%2Fv2%2Ftags&post=1019"}],"curies":[{"name":"wp","href":"https:\/\/api.w.org\/{rel}","templated":true}]}}