{"id":1076,"date":"2014-03-15T14:29:25","date_gmt":"2014-03-15T14:29:25","guid":{"rendered":"http:\/\/anatem.info\/?p=1076"},"modified":"2014-03-15T14:29:25","modified_gmt":"2014-03-15T14:29:25","slug":"lexclusion-des-civils-de-la-competence-du-tribunal-militaire-une-decision-majeure-du-royaume-en-direction-du-respect-des-droits-humains","status":"publish","type":"post","link":"https:\/\/anatem.info\/?p=1076","title":{"rendered":"L&rsquo;exclusion des civils de la comp\u00e9tence du tribunal militaire, \u2018&rsquo;une d\u00e9cision majeure\u00a0\u00bb du Royaume en direction du respect des droits humains"},"content":{"rendered":"<p>Dakar, 14 mars 2014 (MAP) &#8211;\u00a0 L&rsquo;abandon de poursuites de civils devant le tribunal militaire quels que soient les crimes commis, est une autre \u2018&rsquo;d\u00e9cision majeure\u00a0\u00bb prise par le Maroc en direction du respect et de la promotion des droits de l&rsquo;Homme, a soulign\u00e9 vendredi \u00e0 Dakar, le Garde des Sceaux, ministre s\u00e9n\u00e9galais de la justice M. Sidiki Kaba.<\/p>\n<p>Le Maroc ne cesse de faire des progr\u00e8s \u2018&rsquo;tr\u00e8s importants\u00a0\u00bb en direction du respect des droits de l&rsquo;Homme et des libert\u00e9s fondamentales et cette nouvelle d\u00e9cision, telle que traduite par l&rsquo;adoption, vendredi lors du Conseil des ministres, d&rsquo;un projet de loi pr\u00e9voyant l&rsquo;exclusion des civils de la comp\u00e9tence du tribunal militaire quels que soient les crimes commis, s&rsquo;ins\u00e8re tout naturellement dans ce sens, a-t-il confi\u00e9 \u00e0 la MAP.<br \/>\nEt le ministre de poursuivre que \u2018&rsquo;depuis l&rsquo;accession de SM le Roi Mohammed VI au Tr\u00f4ne, le Souverain a pris des d\u00e9cisions majeures en mati\u00e8re des droits de l&rsquo;Homme, allant, entre autres, de la promotion des droits des femmes, \u00e0 la mise en place de l&rsquo;Instance Equit\u00e9 et R\u00e9conciliation (IER), ayant permise au Royaume de tourner d\u00e9finitivement la page des ann\u00e9es o\u00f9, il y avait des violations graves des droits de l&rsquo;Homme\u00a0\u00bb.<\/p>\n<p>M. Sidiki Kaba a, par la m\u00eame occasion, salu\u00e9 l&rsquo;excellence de la coop\u00e9ration unissant le S\u00e9n\u00e9gal et le Maroc, rappelant que les deux pays sont li\u00e9s par des relations amicales et fraternelles de longue date.<\/p>\n<p>Le Conseil des ministres, r\u00e9uni sous la pr\u00e9sidence de SM le Roi Mohammed VI, a approuv\u00e9 un projet de loi relatif \u00e0 la justice militaire,\u00a0 qui a \u00e9t\u00e9 \u00e9labor\u00e9 conform\u00e9ment aux Hautes orientations royales et visant \u00e0 harmoniser la l\u00e9gislation nationale relative \u00e0 la justice militaire avec les dispositions de la Constitution et les principes et les normes internationaux en vigueur dans ce domaine, \u00e0 traduire dans les faits les engagements constitutionnels et internationaux du Maroc en mati\u00e8re d&rsquo;\u00e9dification de l&rsquo;Etat de droit, de protection et de promotion des droits de l&rsquo;Homme dans toutes leurs dimensions et ce, en harmonie avec l&rsquo;esprit et la lettre de la Constitution du Royaume, et \u00e0 consacrer les conditions et les garanties d&rsquo;un proc\u00e8s \u00e9quitable devant tous les tribunaux du Royaume.<\/p>\n<p>Ce projet de loi introduit aussi des changements profonds visant \u00e0 promouvoir la justice militaire, en la distinguant du mod\u00e8le du tribunal d&rsquo;exception, et de l&rsquo;inscrire parmi les institutions judiciaires sp\u00e9cialis\u00e9es, garantes des droits et des libert\u00e9s, en ce qui concerne la comp\u00e9tence, l&rsquo;organisation et les proc\u00e9dures, ainsi que la composition de la Cour du tribunal militaire. (MAP).<\/p>\n","protected":false},"excerpt":{"rendered":"<p>Dakar, 14 mars 2014 (MAP) &#8211;\u00a0 L&rsquo;abandon de poursuites de civils devant le tribunal militaire quels que soient les crimes<\/p>\n","protected":false},"author":2,"featured_media":0,"comment_status":"closed","ping_status":"closed","sticky":false,"template":"","format":"standard","meta":{"footnotes":""},"categories":[3,5],"tags":[],"class_list":["post-1076","post","type-post","status-publish","format-standard","hentry","category-accueil","category-maghreb-news"],"_links":{"self":[{"href":"https:\/\/anatem.info\/index.php?rest_route=\/wp\/v2\/posts\/1076","targetHints":{"allow":["GET"]}}],"collection":[{"href":"https:\/\/anatem.info\/index.php?rest_route=\/wp\/v2\/posts"}],"about":[{"href":"https:\/\/anatem.info\/index.php?rest_route=\/wp\/v2\/types\/post"}],"author":[{"embeddable":true,"href":"https:\/\/anatem.info\/index.php?rest_route=\/wp\/v2\/users\/2"}],"replies":[{"embeddable":true,"href":"https:\/\/anatem.info\/index.php?rest_route=%2Fwp%2Fv2%2Fcomments&post=1076"}],"version-history":[{"count":1,"href":"https:\/\/anatem.info\/index.php?rest_route=\/wp\/v2\/posts\/1076\/revisions"}],"predecessor-version":[{"id":1077,"href":"https:\/\/anatem.info\/index.php?rest_route=\/wp\/v2\/posts\/1076\/revisions\/1077"}],"wp:attachment":[{"href":"https:\/\/anatem.info\/index.php?rest_route=%2Fwp%2Fv2%2Fmedia&parent=1076"}],"wp:term":[{"taxonomy":"category","embeddable":true,"href":"https:\/\/anatem.info\/index.php?rest_route=%2Fwp%2Fv2%2Fcategories&post=1076"},{"taxonomy":"post_tag","embeddable":true,"href":"https:\/\/anatem.info\/index.php?rest_route=%2Fwp%2Fv2%2Ftags&post=1076"}],"curies":[{"name":"wp","href":"https:\/\/api.w.org\/{rel}","templated":true}]}}