{"id":1113,"date":"2014-04-03T11:58:24","date_gmt":"2014-04-03T11:58:24","guid":{"rendered":"http:\/\/anatem.info\/?p=1113"},"modified":"2014-04-03T11:58:24","modified_gmt":"2014-04-03T11:58:24","slug":"maroc-lancement-du-plan-national-dacceleration-industrielle-2014-2020","status":"publish","type":"post","link":"https:\/\/anatem.info\/?p=1113","title":{"rendered":"Maroc : Lancement du plan national  d&rsquo;acc\u00e9l\u00e9ration industrielle 2014-2020"},"content":{"rendered":"<p>Le plan national d&rsquo;acc\u00e9l\u00e9ration industrielle 2014-2020,\u00a0 un programme d&rsquo;envergure qui\u00a0 s&rsquo;inscrit dans le prolongement de la strat\u00e9gie Emergence, fut lanc\u00e9 le 2 avril 2014, lors d&rsquo;une c\u00e9r\u00e9monie pr\u00e9sid\u00e9e par SM Mohammed VI, Roi du Maroc..<\/p>\n<p>Au d\u00e9but de cette c\u00e9r\u00e9monie, le ministre de l&rsquo;Industrie, du Commerce, de\u00a0 l&rsquo;Investissement et de l&rsquo;Economie num\u00e9rique, Moulay Hafid Elalamy a pr\u00e9sent\u00e9\u00a0 devant SM le Roi un expos\u00e9 sur ce nouveau plan qui repr\u00e9sente\u00a0 &lsquo;une \u00e9volution\u00a0 d&rsquo;Emergence vers des \u00e9cosyst\u00e8mes performants afin de renforcer les acquis et\u00a0 d&rsquo;amplifier les r\u00e9sultats\u00a0\u00bb.<\/p>\n<p>Cet ambitieux plan permettra au Maroc de renforcer sa r\u00e9silience \u00e9conomique,\u00a0 de conforter sa place parmi les Nations \u00e9mergentes d&rsquo;Am\u00e9rique, d&rsquo;Europe, du\u00a0 Moyen-Orient et d&rsquo;Afrique et, ainsi, de tracer son chemin \u00e9conomique d&rsquo;un pas\u00a0 assur\u00e9.<\/p>\n<p>Capitalisant sur\u00a0 &lsquo;nos r\u00e9alisations et nos acquis, tels que l&rsquo;a\u00e9ronautique,\u00a0 l&rsquo;automobile ou l&rsquo;Offshoring\u00a0\u00bb, ce plan strat\u00e9gique, a soulign\u00e9 M. Elalamy, se\u00a0 veut inclusif et r\u00e9int\u00e8gre\u00a0 &lsquo;nos industries classiques, cr\u00e9atrices d&#8217;emplois\u00a0\u00bb.<\/p>\n<p>Le ministre de l&rsquo;Industrie, du Commerce, de l&rsquo;Investissement et de\u00a0 l&rsquo;Economie num\u00e9rique a, en outre, fait observer que ce plan s&rsquo;appuiera sur dix\u00a0 mesures clefs, \u00e0 savoir la cr\u00e9ation d&rsquo;une nouvelle dynamique et d&rsquo;une nouvelle\u00a0 relation entre grands groupes\u00a0 entreprises locomotives- et PME, le renforcement\u00a0 de la place de l&rsquo;industrie en tant que pourvoyeur d&#8217;emploi majeur, notamment\u00a0 pour les jeunes, et l&rsquo;optimisation des retomb\u00e9es sociales et \u00e9conomiques de la\u00a0 commande publique via la compensation industrielle.<\/p>\n<p>Le nouveau plan s&#8217;emploiera, selon M. Elalamy, \u00e0 accompagner la transition\u00a0 de l&rsquo;informel vers le formel avec la mise en place d&rsquo;un dispositif complet\u00a0 d&rsquo;int\u00e9gration de la tr\u00e8s petite entreprise (TPE), \u00e0 r\u00e9pondre \u00e0 l&rsquo;enjeu\u00a0 essentiel d&rsquo;ad\u00e9quation des comp\u00e9tences avec les besoins des entreprises, la\u00a0 cr\u00e9ation d&rsquo;un fonds d&rsquo;investissement industriel public (FDI), qui sera dot\u00e9\u00a0 d&rsquo;une enveloppe de 20 milliards de DH d&rsquo;ici 2020, et la mise en place de parcs\u00a0 industriels en location qui seront plus accessibles.<\/p>\n<p>Ce plan pr\u00e9voit \u00e9galement un suivi des accords de libre-\u00e9change (ALE) en\u00a0 cours de n\u00e9gociations, et une surveillance sans rel\u00e2che du respect des\u00a0 dispositions des ALE existants, l&rsquo;instauration d&rsquo;une\u00a0 culture de\u00a0 &lsquo;Deal\u00a0 Making\u00a0\u00bb dans la poursuite des IDE, et l&rsquo;amplification de la vocation africaine\u00a0 du Royaume.<\/p>\n<p>La concr\u00e9tisation de l&rsquo;ensemble de ces mesures permettra la cr\u00e9ation, \u00e0\u00a0 l&rsquo;horizon 2020, d&rsquo;un demi-million d&#8217;emplois, pour moiti\u00e9 provenant des IDE, et\u00a0 pour moiti\u00e9 provenant du tissu industriel national r\u00e9nov\u00e9, ainsi que\u00a0 l&rsquo;accroissement de la part industrielle dans le PIB de 9 points, passant de 14\u00a0 pc \u00e0 23 pc en 2020.<\/p>\n<p>Au niveau de la gouvernance, M. Elalamy a assur\u00e9 qu&rsquo;il sera proc\u00e9d\u00e9 \u00e0 la\u00a0 cr\u00e9ation d&rsquo;un comit\u00e9 interminist\u00e9riel en charge de la coordination et de la\u00a0 mise en \u0153uvre du plan d&rsquo;acc\u00e9l\u00e9ration industrielle qui ambitionne de faire du\u00a0 Maroc\u00a0 &lsquo;un champion industriel et social\u00a0\u00bb, notant que le Royaume\u00a0 &lsquo;dispose de\u00a0 l&rsquo;\u00e9nergie collective et des ressources humaines et mat\u00e9rielles pour effectuer\u00a0 cette transformation n\u00e9cessaire\u00a0\u00bb.<\/p>\n<p>Par la suite, le Souverain Marocain a pr\u00e9sid\u00e9 la c\u00e9r\u00e9monie de\u00a0 signature de 14 documents regroupant 33 conventions relatives au plan\u00a0 d&rsquo;acc\u00e9l\u00e9ration industrielle 2014-2020.<\/p>\n<p>Cette c\u00e9r\u00e9monie s&rsquo;est d\u00e9roul\u00e9e en pr\u00e9sence du Chef du gouvernement, M.\u00a0 Abdelillah Benkirane, des Conseillers de SM le Roi, de membres du gouvernement,\u00a0 des repr\u00e9sentants du corps diplomatique accr\u00e9dit\u00e9 \u00e0 Rabat et de plusieurs\u00a0 acteurs et professionnels du secteur de l&rsquo;Industrie.<\/p>\n<p>Source : MAP<\/p>\n","protected":false},"excerpt":{"rendered":"<p>Le plan national d&rsquo;acc\u00e9l\u00e9ration industrielle 2014-2020,\u00a0 un programme d&rsquo;envergure qui\u00a0 s&rsquo;inscrit dans le prolongement de la strat\u00e9gie Emergence, fut lanc\u00e9<\/p>\n","protected":false},"author":2,"featured_media":1114,"comment_status":"closed","ping_status":"closed","sticky":false,"template":"","format":"standard","meta":{"footnotes":""},"categories":[3,7],"tags":[],"class_list":["post-1113","post","type-post","status-publish","format-standard","has-post-thumbnail","hentry","category-accueil","category-presse-marocaine"],"_links":{"self":[{"href":"https:\/\/anatem.info\/index.php?rest_route=\/wp\/v2\/posts\/1113","targetHints":{"allow":["GET"]}}],"collection":[{"href":"https:\/\/anatem.info\/index.php?rest_route=\/wp\/v2\/posts"}],"about":[{"href":"https:\/\/anatem.info\/index.php?rest_route=\/wp\/v2\/types\/post"}],"author":[{"embeddable":true,"href":"https:\/\/anatem.info\/index.php?rest_route=\/wp\/v2\/users\/2"}],"replies":[{"embeddable":true,"href":"https:\/\/anatem.info\/index.php?rest_route=%2Fwp%2Fv2%2Fcomments&post=1113"}],"version-history":[{"count":1,"href":"https:\/\/anatem.info\/index.php?rest_route=\/wp\/v2\/posts\/1113\/revisions"}],"predecessor-version":[{"id":1115,"href":"https:\/\/anatem.info\/index.php?rest_route=\/wp\/v2\/posts\/1113\/revisions\/1115"}],"wp:featuredmedia":[{"embeddable":true,"href":"https:\/\/anatem.info\/index.php?rest_route=\/wp\/v2\/media\/1114"}],"wp:attachment":[{"href":"https:\/\/anatem.info\/index.php?rest_route=%2Fwp%2Fv2%2Fmedia&parent=1113"}],"wp:term":[{"taxonomy":"category","embeddable":true,"href":"https:\/\/anatem.info\/index.php?rest_route=%2Fwp%2Fv2%2Fcategories&post=1113"},{"taxonomy":"post_tag","embeddable":true,"href":"https:\/\/anatem.info\/index.php?rest_route=%2Fwp%2Fv2%2Ftags&post=1113"}],"curies":[{"name":"wp","href":"https:\/\/api.w.org\/{rel}","templated":true}]}}