{"id":1119,"date":"2014-04-05T13:04:27","date_gmt":"2014-04-05T13:04:27","guid":{"rendered":"http:\/\/anatem.info\/?p=1119"},"modified":"2014-04-05T13:05:54","modified_gmt":"2014-04-05T13:05:54","slug":"1119","status":"publish","type":"post","link":"https:\/\/anatem.info\/?p=1119","title":{"rendered":"SM Mohammed VI re\u00e7oit \u00e0 Casablanca le Secr\u00e9taire d&rsquo;Etat am\u00e9ricain, M. John Kerry"},"content":{"rendered":"<p style=\"text-align: justify;\"><a href=\"http:\/\/anatem.info\/wp-content\/uploads\/2014\/04\/m6.jpg\"><img fetchpriority=\"high\" decoding=\"async\" class=\"size-medium wp-image-1120 alignleft\" alt=\"m6\" src=\"http:\/\/anatem.info\/wp-content\/uploads\/2014\/04\/m6-300x201.jpg\" width=\"300\" height=\"201\" \/><\/a>Sa Majest\u00e9 le Roi Mohammed VI a re\u00e7u,\u00a0 vendredi 4 avril 2014, au Palais Royal de Casablanca, le Secr\u00e9taire d&rsquo;Etat am\u00e9ricain, M. John\u00a0 Kerry qui effectue une visite officielle au Maroc, notamment pour co-pr\u00e9sider\u00a0 les travaux de la 2\u00e8me session du \u00ab\u00a0Dialogue Strat\u00e9gique Maroc\/Etats- Unis\u00a0 d&rsquo;Am\u00e9rique\u00a0\u00bb volet important du Partenariat strat\u00e9gique d&rsquo;exception qui lie les\u00a0 deux pays.<\/p>\n<p style=\"text-align: justify;\">Sa visite s&rsquo;inscrit \u00e9galement dans le sillage de la visite Royale \u00e0\u00a0 Washington et des actions denses et diversifi\u00e9es agr\u00e9\u00e9es \u00e0 cette occasion entre\u00a0 Sa Majest\u00e9 le Roi et le Pr\u00e9sident Obama.<\/p>\n<p style=\"text-align: justify;\">Au cours de cette Audience, Sa Majest\u00e9 le Roi, Que Dieu L&rsquo;Assiste, a r\u00e9it\u00e9r\u00e9\u00a0 son attachement profond au partenariat strat\u00e9gique fruit d&rsquo;une alliance\u00a0 s\u00e9culaire et multidimensionnelle avec les Etats-Unis. Ce partenariat puise son\u00a0 fondement dans la confiance, la solidarit\u00e9, le partage des valeurs,\u00a0 l&rsquo;interd\u00e9pendance et la d\u00e9fense des int\u00e9r\u00eats communs. Il a su s&rsquo;adapter,\u00a0 \u00e9voluer et se renouveler pour r\u00e9pondre aux attentes des deux pays et aux\u00a0 mutations du contexte r\u00e9gional et international.<\/p>\n<p style=\"text-align: justify;\">Dans ce cadre, la Visite Royale, \u00e0 Washington, le 22 novembre 2013, a permis\u00a0 d&rsquo;ouvrir de nouvelles perspectives pour la prosp\u00e9rit\u00e9 de ce partenariat\u00a0 strat\u00e9gique, en enrichissant de fa\u00e7on substantielle son Agenda et en lui fixant\u00a0 un cap plus ambitieux.<br \/>\nLe Communiqu\u00e9 Conjoint, adopt\u00e9 \u00e0 l&rsquo;occasion de cette visite, a permis\u00a0 d&rsquo;intensifier davantage la concertation sur les questions strat\u00e9giques, de\u00a0 tracer de nouvelles voies de coop\u00e9ration, d&rsquo;adapter les instruments privil\u00e9gi\u00e9s\u00a0 existants et de d\u00e9velopper d&rsquo;autres m\u00e9canismes diversifi\u00e9s, tout en consacrant\u00a0 les acquis et les fondements de l&rsquo;alliance historique entre le Maroc et les\u00a0 Etats-Unis d&rsquo;Am\u00e9rique.<\/p>\n<p style=\"text-align: justify;\">Le Souverain a, en outre, rappel\u00e9 que le contexte r\u00e9gional et international\u00a0 actuel renforce la pertinence et la profondeur de ce partenariat, appel\u00e9 ainsi\u00a0 \u00e0 s&rsquo;\u00e9tendre et \u00e0 contribuer, notamment \u00e0 la stabilit\u00e9 et s\u00e9curit\u00e9 durable, \u00e0 la\u00a0 prosp\u00e9rit\u00e9 \u00e9conomique partag\u00e9e et au d\u00e9veloppement humain du Continent\u00a0 africain.<\/p>\n<p style=\"text-align: justify;\">Pour sa part, le Secr\u00e9taire d&rsquo;Etat am\u00e9ricain, M. John Kerry, a r\u00e9affirm\u00e9\u00a0 l&rsquo;attachement du Pr\u00e9sident Obama \u00e0 l&rsquo;approfondissement du partenariat\u00a0 strat\u00e9gique singulier avec le Royaume du Maroc.<\/p>\n<p style=\"text-align: justify;\">M. Kerry a, \u00e9galement,\u00a0 r\u00e9it\u00e9r\u00e9 la volont\u00e9 des Etats-Unis de travailler avec\u00a0 le Maroc pour le renforcement de la paix et de la stabilit\u00e9 au niveau r\u00e9gional\u00a0 et international.<\/p>\n<p style=\"text-align: justify;\">Plus particuli\u00e8rement, s&rsquo;agissant du continent africain, et tout en\u00a0 appr\u00e9ciant l&rsquo;engagement fort et constant du Souverain pour les causes de la\u00a0 stabilit\u00e9 et du d\u00e9veloppement en Afrique, le Secr\u00e9taire d&rsquo;Etat am\u00e9ricain a\u00a0 r\u00e9it\u00e9r\u00e9 l&rsquo;invitation \u00e0 Sa Majest\u00e9 le Roi pour participer au Sommet Etats\u00a0 Unis\/Afrique, pr\u00e9vu en ao\u00fbt prochain.<\/p>\n<p style=\"text-align: justify;\">De m\u00eame, M. Kerry a salu\u00e9 le r\u00f4le constructif et la contribution agissante\u00a0 de Sa Majest\u00e9 le Roi, Que Dieu L&rsquo;assiste, en tant que Pr\u00e9sident du Comit\u00e9 d&rsquo;Al\u00a0 Qods, aux efforts visant \u00e0 parvenir \u00e0 un r\u00e8glement juste, d\u00e9finitif et global\u00a0 du conflit isra\u00e9lo-palestinien, sur la base de deux Etats vivant c\u00f4te \u00e0 c\u00f4te,\u00a0 dans la paix et la s\u00e9curit\u00e9, en conformit\u00e9 avec les r\u00e9solutions des Nations\u00a0 Unies.<br \/>\nSa Majest\u00e9 le Roi, Pr\u00e9sident du Comit\u00e9 Al Qods, a remis, \u00e0 cette occasion,\u00a0 au Secr\u00e9taire d&rsquo;Etat am\u00e9ricain, un registre contenant l&rsquo;ensemble des exactions\u00a0 isra\u00e9liennes perp\u00e9tr\u00e9es dans la ville Sainte d&rsquo;Al Qods Asharif et visant \u00e0\u00a0 d\u00e9naturer sa vocation religieuse et son cachet architectural authentique.<\/p>\n<p>L&rsquo;Audience Royale accord\u00e9e \u00e0 M. Kerry s&rsquo;est d\u00e9roul\u00e9e en pr\u00e9sence, du c\u00f4t\u00e9\u00a0 am\u00e9ricain, de MM. Dwight L. Bush, ambassadeur des Etats-Unis d&rsquo;Am\u00e9rique au\u00a0 Maroc, Prem Kumar, directeur des Affaires \u00e9trang\u00e8res charg\u00e9 du Moyen orient, de\u00a0 l&rsquo;Afrique du Nord et de la s\u00e9curit\u00e9 nationale, Jonhathan Finer,\u00a0 directeur-adjoint du cabinet, et du c\u00f4t\u00e9 marocain, de MM. Fouad Ali El Himma,\u00a0 conseiller de SM le Roi, et Salaheddine Mezouar, ministre des Affaires\u00a0 \u00e9trang\u00e8res et de la coop\u00e9ration.<\/p>\n<p>Source\u00a0 : Communiqu\u00e9 du Palais Royal \/ MAP<\/p>\n","protected":false},"excerpt":{"rendered":"<p>Sa Majest\u00e9 le Roi Mohammed VI a re\u00e7u,\u00a0 vendredi 4 avril 2014, au Palais Royal de Casablanca, le Secr\u00e9taire d&rsquo;Etat<\/p>\n","protected":false},"author":2,"featured_media":0,"comment_status":"closed","ping_status":"closed","sticky":false,"template":"","format":"standard","meta":{"footnotes":""},"categories":[5],"tags":[],"class_list":["post-1119","post","type-post","status-publish","format-standard","hentry","category-maghreb-news"],"_links":{"self":[{"href":"https:\/\/anatem.info\/index.php?rest_route=\/wp\/v2\/posts\/1119","targetHints":{"allow":["GET"]}}],"collection":[{"href":"https:\/\/anatem.info\/index.php?rest_route=\/wp\/v2\/posts"}],"about":[{"href":"https:\/\/anatem.info\/index.php?rest_route=\/wp\/v2\/types\/post"}],"author":[{"embeddable":true,"href":"https:\/\/anatem.info\/index.php?rest_route=\/wp\/v2\/users\/2"}],"replies":[{"embeddable":true,"href":"https:\/\/anatem.info\/index.php?rest_route=%2Fwp%2Fv2%2Fcomments&post=1119"}],"version-history":[{"count":2,"href":"https:\/\/anatem.info\/index.php?rest_route=\/wp\/v2\/posts\/1119\/revisions"}],"predecessor-version":[{"id":1123,"href":"https:\/\/anatem.info\/index.php?rest_route=\/wp\/v2\/posts\/1119\/revisions\/1123"}],"wp:attachment":[{"href":"https:\/\/anatem.info\/index.php?rest_route=%2Fwp%2Fv2%2Fmedia&parent=1119"}],"wp:term":[{"taxonomy":"category","embeddable":true,"href":"https:\/\/anatem.info\/index.php?rest_route=%2Fwp%2Fv2%2Fcategories&post=1119"},{"taxonomy":"post_tag","embeddable":true,"href":"https:\/\/anatem.info\/index.php?rest_route=%2Fwp%2Fv2%2Ftags&post=1119"}],"curies":[{"name":"wp","href":"https:\/\/api.w.org\/{rel}","templated":true}]}}