{"id":1124,"date":"2014-04-05T13:12:43","date_gmt":"2014-04-05T13:12:43","guid":{"rendered":"http:\/\/anatem.info\/?p=1124"},"modified":"2014-04-05T13:12:43","modified_gmt":"2014-04-05T13:12:43","slug":"kerry-loue-le-role-du-maroc-pour-la-securite-et-la-prosperite-regionales","status":"publish","type":"post","link":"https:\/\/anatem.info\/?p=1124","title":{"rendered":"Kerry loue le r\u00f4le du Maroc pour la \u00ab\u00a0s\u00e9curit\u00e9\u00a0\u00bb et la \u00ab\u00a0prosp\u00e9rit\u00e9\u00a0\u00bb r\u00e9gionales"},"content":{"rendered":"<p style=\"text-align: justify;\"><a href=\"http:\/\/anatem.info\/wp-content\/uploads\/2014\/04\/mohammed-6-et-john-kerry-2-c-map_0.jpg\"><img decoding=\"async\" class=\"size-medium wp-image-1125 alignleft\" alt=\"mohammed-6-et-john-kerry-2-c-map_0\" src=\"http:\/\/anatem.info\/wp-content\/uploads\/2014\/04\/mohammed-6-et-john-kerry-2-c-map_0-300x150.jpg\" width=\"300\" height=\"150\" \/><\/a>RABAT, 04 avr 2014 (AFP) &#8211; Le secr\u00e9taire d&rsquo;Etat am\u00e9ricain John Kerry, en\u00a0 visite \u00e0 Rabat, a salu\u00e9 ce vendredi 4 avril 2014 le r\u00f4le jou\u00e9 par le Maroc, un alli\u00e9 de Washington, afin d&rsquo;apporter \u00ab\u00a0\u00a0\u00bbplus de s\u00e9curit\u00e9 et de prosp\u00e9rit\u00e9\u00a0\u00bb\u00a0\u00bb r\u00e9gionales, tout en signalant les d\u00e9fis sociaux du pays.<\/p>\n<p style=\"text-align: justify;\">\u00ab\u00a0\u00a0\u00bbLe Maroc joue un r\u00f4le moteur important, et les Etats-Unis se tiendront au c\u00f4t\u00e9 (du Maroc) sur cette voie\u00a0\u00bb\u00a0\u00bb, a d\u00e9clar\u00e9 M. Kerry lors de la 2e session du \u00ab\u00a0\u00a0\u00bbDialogue strat\u00e9gique\u00a0\u00bb\u00a0\u00bb entre responsables des deux pays.<\/p>\n<p style=\"text-align: justify;\">\u00ab\u00a0\u00a0\u00bbLes 18 accords sign\u00e9s par le Maroc avec le Mali montrent que le royaume am\u00e8ne une plus grande s\u00e9curit\u00e9 et une plus grande prosp\u00e9rit\u00e9 dans la r\u00e9gion\u00a0\u00bb\u00a0\u00bb, a-t-il notamment estim\u00e9, en r\u00e9f\u00e9rence \u00e0 la r\u00e9cente tourn\u00e9e du roi en Afrique subsaharienne.<br \/>\nDans l&rsquo;apr\u00e8s-midi, le diplomate am\u00e9ricain a \u00e9t\u00e9 re\u00e7u par le souverain ch\u00e9rifien \u00e0 Casablanca, la capitale \u00e9conomique, avant de s&rsquo;envoler vers les Etats-Unis.<\/p>\n<p style=\"text-align: justify;\">Mohammed VI a affirm\u00e9 que \u00ab\u00a0\u00a0\u00bble contexte r\u00e9gional et international actuel\u00a0\u00bb\u00a0\u00bb renfor\u00e7ait \u00ab\u00a0\u00a0\u00bbla pertinence et la profondeur\u00a0\u00bb\u00a0\u00bb du partenariat Rabat-Washington, a indiqu\u00e9 le Palais royal dans un communiqu\u00e9 publi\u00e9 par l&rsquo;agence officielle MAP. Il contribue \u00ab\u00a0\u00a0\u00bb\u00e0 la stabilit\u00e9, la s\u00e9curit\u00e9 durable, la prosp\u00e9rit\u00e9 partag\u00e9e et au d\u00e9veloppement humain du continent\u00a0\u00bb\u00a0\u00bb, a-t-il \u00e9galement plaid\u00e9.<\/p>\n<p style=\"text-align: justify;\">En matin\u00e9e, John Kerry, accompagn\u00e9 de son homologue marocain Salaheddine Mezouar, avait par ailleurs exprim\u00e9 le soutien de son pays au processus de r\u00e9formes engag\u00e9 durant le \u00ab\u00a0\u00a0\u00bbprintemps arabe\u00a0\u00bb\u00a0\u00bb et symbolis\u00e9 par l&rsquo;adoption en 2011 d&rsquo;une nouvelle Constitution sur initiative royale.<\/p>\n","protected":false},"excerpt":{"rendered":"<p>RABAT, 04 avr 2014 (AFP) &#8211; Le secr\u00e9taire d&rsquo;Etat am\u00e9ricain John Kerry, en\u00a0 visite \u00e0 Rabat, a salu\u00e9 ce vendredi<\/p>\n","protected":false},"author":2,"featured_media":0,"comment_status":"closed","ping_status":"closed","sticky":false,"template":"","format":"standard","meta":{"footnotes":""},"categories":[3,5],"tags":[],"class_list":["post-1124","post","type-post","status-publish","format-standard","hentry","category-accueil","category-maghreb-news"],"_links":{"self":[{"href":"https:\/\/anatem.info\/index.php?rest_route=\/wp\/v2\/posts\/1124","targetHints":{"allow":["GET"]}}],"collection":[{"href":"https:\/\/anatem.info\/index.php?rest_route=\/wp\/v2\/posts"}],"about":[{"href":"https:\/\/anatem.info\/index.php?rest_route=\/wp\/v2\/types\/post"}],"author":[{"embeddable":true,"href":"https:\/\/anatem.info\/index.php?rest_route=\/wp\/v2\/users\/2"}],"replies":[{"embeddable":true,"href":"https:\/\/anatem.info\/index.php?rest_route=%2Fwp%2Fv2%2Fcomments&post=1124"}],"version-history":[{"count":2,"href":"https:\/\/anatem.info\/index.php?rest_route=\/wp\/v2\/posts\/1124\/revisions"}],"predecessor-version":[{"id":1127,"href":"https:\/\/anatem.info\/index.php?rest_route=\/wp\/v2\/posts\/1124\/revisions\/1127"}],"wp:attachment":[{"href":"https:\/\/anatem.info\/index.php?rest_route=%2Fwp%2Fv2%2Fmedia&parent=1124"}],"wp:term":[{"taxonomy":"category","embeddable":true,"href":"https:\/\/anatem.info\/index.php?rest_route=%2Fwp%2Fv2%2Fcategories&post=1124"},{"taxonomy":"post_tag","embeddable":true,"href":"https:\/\/anatem.info\/index.php?rest_route=%2Fwp%2Fv2%2Ftags&post=1124"}],"curies":[{"name":"wp","href":"https:\/\/api.w.org\/{rel}","templated":true}]}}