{"id":1136,"date":"2014-04-07T14:02:59","date_gmt":"2014-04-07T14:02:59","guid":{"rendered":"http:\/\/anatem.info\/?p=1136"},"modified":"2014-04-07T14:02:59","modified_gmt":"2014-04-07T14:02:59","slug":"mali-retour-kidal-du-patriarche-des-touaregs-qui-lance-un-appel-la-paix","status":"publish","type":"post","link":"https:\/\/anatem.info\/?p=1136","title":{"rendered":"Mali: retour \u00e0 Kidal du patriarche des touaregs, qui lance un appel \u00e0 la paix"},"content":{"rendered":"<p style=\"text-align: justify;\"><a href=\"http:\/\/anatem.info\/wp-content\/uploads\/2014\/04\/tourag.jpg\"><img fetchpriority=\"high\" decoding=\"async\" class=\"size-medium wp-image-1137 alignleft\" alt=\"tourag\" src=\"http:\/\/anatem.info\/wp-content\/uploads\/2014\/04\/tourag-300x195.jpg\" width=\"300\" height=\"195\" \/><\/a>Bamako, 05 avr 2014 (AFP) &#8211; Le patriarche des Touareg de la r\u00e9gion de Kidal, dans le nord-est du Mali, de retour revenu samedi dans la ville apr\u00e8s deux mois d&rsquo;hospitalisation au Maroc, a lanc\u00e9 un appel pour le retour de la paix d\u00e9finitive dans le nord du Mali qui a \u00e9t\u00e9 occup\u00e9 pendant plusieurs mois par des groupes arm\u00e9s.<br \/>\nIntalla Ag Attaher a \u00e9t\u00e9 accueilli par des centaines de personnes en liesse et il a paru se porter, selon les t\u00e9moins, beaucoup mieux que lors de son d\u00e9part en f\u00e9vrier pour Rabat o\u00f9 il s&rsquo;est rendu \u00e0 l&rsquo;initiative du roi du Maroc, Mohammed VI.<br \/>\nLe patriarche a appel\u00e9 tous les Maliens \u00e0 faire la paix d\u00e9finitive pour que les populations du nord comme du sud \u0153uvrent au d\u00e9veloppement de tout le pays, ont rapport\u00e9 des journalistes sur place.<br \/>\n\u00ab\u00a0Oui, apr\u00e8s son retour triomphal, Intalla Ag Attaher a lanc\u00e9 un appel pour la paix dans le nord du Mali, dans le sud du Mali, dans tout le Mali\u00a0\u00bb, a confirm\u00e9 Mamoud Diakit\u00e9, fonctionnaire au gouvernorat de Kidal, qui a assist\u00e9 \u00e0 l&rsquo;arriv\u00e9e de la personnalit\u00e9 la plus respect\u00e9e de la r\u00e9gion de Kidal.<br \/>\nSelon la m\u00eame source, il a encourag\u00e9 le roi du Maroc \u00e0 poursuivre ses efforts pour le retour de la paix dans le nord du Mali.<br \/>\nMohamed VI a r\u00e9cemment re\u00e7u au Maroc avec le feu vert du pouvoir malien, Bilal Ag Ach\u00e9rif, chef du Mouvement national de lib\u00e9ration de l&rsquo;Azawad (MNLA), la r\u00e9bellion touareg.<br \/>\nA cette occasion, le souverain marocain, a demand\u00e9 au chef des rebelles touareg d&rsquo;utiliser \u00ab\u00a0uniquement la voie du dialogue\u00a0\u00bb<br \/>\nLes n\u00e9gociations entre le gouvernement malien et les diff\u00e9rents groupes arm\u00e9s du nord, ont repris timidement, il y a quelques semaines, chaque partie accusant l&rsquo;autre de ne pas respecter ses engagements.<br \/>\nLes rebelles touaregs ont \u00e9t\u00e9 des alli\u00e9s des islamistes arm\u00e9s qui ont occup\u00e9 le nord du Mali pendant plusieurs mois en 2012, avant qu&rsquo;une intervention internationale, dirig\u00e9e par la France et toujours en cours, ne chasse les jihadistes des grandes villes de cette partie du pays.<\/p>\n","protected":false},"excerpt":{"rendered":"<p>Bamako, 05 avr 2014 (AFP) &#8211; Le patriarche des Touareg de la r\u00e9gion de Kidal, dans le nord-est du Mali,<\/p>\n","protected":false},"author":2,"featured_media":0,"comment_status":"closed","ping_status":"closed","sticky":false,"template":"","format":"standard","meta":{"footnotes":""},"categories":[3,62],"tags":[],"class_list":["post-1136","post","type-post","status-publish","format-standard","hentry","category-accueil","category-afrique"],"_links":{"self":[{"href":"https:\/\/anatem.info\/index.php?rest_route=\/wp\/v2\/posts\/1136","targetHints":{"allow":["GET"]}}],"collection":[{"href":"https:\/\/anatem.info\/index.php?rest_route=\/wp\/v2\/posts"}],"about":[{"href":"https:\/\/anatem.info\/index.php?rest_route=\/wp\/v2\/types\/post"}],"author":[{"embeddable":true,"href":"https:\/\/anatem.info\/index.php?rest_route=\/wp\/v2\/users\/2"}],"replies":[{"embeddable":true,"href":"https:\/\/anatem.info\/index.php?rest_route=%2Fwp%2Fv2%2Fcomments&post=1136"}],"version-history":[{"count":2,"href":"https:\/\/anatem.info\/index.php?rest_route=\/wp\/v2\/posts\/1136\/revisions"}],"predecessor-version":[{"id":1139,"href":"https:\/\/anatem.info\/index.php?rest_route=\/wp\/v2\/posts\/1136\/revisions\/1139"}],"wp:attachment":[{"href":"https:\/\/anatem.info\/index.php?rest_route=%2Fwp%2Fv2%2Fmedia&parent=1136"}],"wp:term":[{"taxonomy":"category","embeddable":true,"href":"https:\/\/anatem.info\/index.php?rest_route=%2Fwp%2Fv2%2Fcategories&post=1136"},{"taxonomy":"post_tag","embeddable":true,"href":"https:\/\/anatem.info\/index.php?rest_route=%2Fwp%2Fv2%2Ftags&post=1136"}],"curies":[{"name":"wp","href":"https:\/\/api.w.org\/{rel}","templated":true}]}}