{"id":1251,"date":"2014-07-16T14:11:47","date_gmt":"2014-07-16T14:11:47","guid":{"rendered":"http:\/\/anatem.info\/?p=1251"},"modified":"2014-07-16T14:20:39","modified_gmt":"2014-07-16T14:20:39","slug":"sm-le-roi-mohammed-vi-et-sm-felipe-vi-inaugurent-un-centre-de-formation","status":"publish","type":"post","link":"https:\/\/anatem.info\/?p=1251","title":{"rendered":"SM le Roi Mohammed VI et SM Felipe VI inaugurent un Centre de formation"},"content":{"rendered":"<div class=\"content\">\n<p style=\"text-align: justify;\"><a href=\"http:\/\/anatem.info\/wp-content\/uploads\/2014\/07\/aaaaaaa5.jpg\"><img fetchpriority=\"high\" decoding=\"async\" class=\"size-full wp-image-1252 alignleft\" src=\"http:\/\/anatem.info\/wp-content\/uploads\/2014\/07\/aaaaaaa5.jpg\" alt=\"aaaaaaa\" width=\"290\" height=\"174\" \/><\/a>SM le Roi Mohammed VI et SM le Roi Felipe VI d&rsquo;Espagne, ont proc\u00e9d\u00e9, le 15 juillet 2014, \u00e0 l&rsquo;inauguration d&rsquo;un centre de formation dans les m\u00e9tiers de l&rsquo;h\u00f4tellerie et du tourisme au quartier Guich Loudaya \u00e0 T\u00e9mara.<\/p>\n<p style=\"text-align: justify;\">Mobilisant des investissements de l&rsquo;ordre de 18 millions de dirhams (MDH), ce projet, r\u00e9alis\u00e9 par la Fondation Mohammed V pour la Solidarit\u00e9, illustre l&rsquo;int\u00e9r\u00eat particulier que le Roi Mohammed VI accorde aux jeunes, v\u00e9ritable richesse de la Nation compte tenu du r\u00f4le qu&rsquo;ils sont appel\u00e9s \u00e0 jouer en tant que partie prenante dans le processus d&rsquo;\u00e9volution sociale du Maroc.<\/p>\n<p style=\"text-align: justify;\">Le nouveau centre, qui traduit \u00e9galement la d\u00e9termination du Souverain \u00e0 faire associer cette frange de la soci\u00e9t\u00e9 aux diff\u00e9rentes r\u00e9formes initi\u00e9es au niveau du Royaume, vient confirmer, une fois de plus, le choix de la Fondation Mohammed V pour la Solidarit\u00e9 de faire de la formation un outil privil\u00e9gi\u00e9 d&rsquo;insertion socio-professionnelle des jeunes.<\/p>\n<p style=\"text-align: justify;\">Edifi\u00e9 sur un terrain de 8.300 m2 (2.750 m2 couverts), le centre de formation dans les m\u00e9tiers de l&rsquo;h\u00f4tellerie et du tourisme abrite un h\u00f4tel p\u00e9dagogique (r\u00e9ception, quatre chambres, salon marocain, salon moderne) un pavillon de restauration (cuisine, restaurant et salle de conditionnement), ainsi qu&rsquo;un \u00e9conomat, des salles de cours, d&rsquo;informatique, d&rsquo;enseignement de langues \u00e9trang\u00e8res, de r\u00e9unions, d&rsquo;appui \u00e0 la cr\u00e9ation d&rsquo;entreprises et d&rsquo;autres d\u00e9pendances.<\/p>\n<p style=\"text-align: justify;\">A leur arriv\u00e9e au centre de formation dans les m\u00e9tiers de l&rsquo;h\u00f4tellerie et du tourisme, le Roi Mohammed VI et Son illustre h\u00f4te ont \u00e9t\u00e9 salu\u00e9s par la Conseill\u00e8re de le Roi, Mme Zoulikha Nasri, ainsi que par les membres du Conseil d&rsquo;administration et du comit\u00e9 de soutien permanent de la Fondation Mohammed V pour la Solidarit\u00e9.<\/p>\n<p style=\"text-align: justify;\"><a href=\"http:\/\/anatem.info\/wp-content\/uploads\/2014\/07\/aaaaaaa6.jpg\"><img decoding=\"async\" class=\"size-medium wp-image-1255 alignleft\" src=\"http:\/\/anatem.info\/wp-content\/uploads\/2014\/07\/aaaaaaa6-300x179.jpg\" alt=\"aaaaaaa\" width=\"300\" height=\"179\" srcset=\"https:\/\/anatem.info\/wp-content\/uploads\/2014\/07\/aaaaaaa6-300x179.jpg 300w, https:\/\/anatem.info\/wp-content\/uploads\/2014\/07\/aaaaaaa6.jpg 594w\" sizes=\"(max-width: 300px) 100vw, 300px\" \/><\/a>De leurs c\u00f4t\u00e9s, SM la Reine Letizia d&rsquo;Espagne et SAR la Princesse Lalla Salma, Pr\u00e9sidente de la Fondation Lalla Salma-Pr\u00e9vention et traitement des cancers, ont visit\u00e9 le m\u00eame jour le Centre d\u2019oncologie gyn\u00e9co-mammaire \u00ab\u00a0Sheikha Fatma\u00a0\u00bb \u00e0 l&rsquo;Institut national d&rsquo;oncologie au CHU Ibn Sina \u00e0 Rabat.<\/p>\n<p style=\"text-align: right;\"><em>Source : Miediapart &#8211;\u00a0 MAP<br \/>\n<\/em><\/p>\n<\/div>\n","protected":false},"excerpt":{"rendered":"<p>SM le Roi Mohammed VI et SM le Roi Felipe VI d&rsquo;Espagne, ont proc\u00e9d\u00e9, le 15 juillet 2014, \u00e0 l&rsquo;inauguration<\/p>\n","protected":false},"author":2,"featured_media":0,"comment_status":"closed","ping_status":"closed","sticky":false,"template":"","format":"standard","meta":{"footnotes":""},"categories":[3,5],"tags":[],"class_list":["post-1251","post","type-post","status-publish","format-standard","hentry","category-accueil","category-maghreb-news"],"_links":{"self":[{"href":"https:\/\/anatem.info\/index.php?rest_route=\/wp\/v2\/posts\/1251","targetHints":{"allow":["GET"]}}],"collection":[{"href":"https:\/\/anatem.info\/index.php?rest_route=\/wp\/v2\/posts"}],"about":[{"href":"https:\/\/anatem.info\/index.php?rest_route=\/wp\/v2\/types\/post"}],"author":[{"embeddable":true,"href":"https:\/\/anatem.info\/index.php?rest_route=\/wp\/v2\/users\/2"}],"replies":[{"embeddable":true,"href":"https:\/\/anatem.info\/index.php?rest_route=%2Fwp%2Fv2%2Fcomments&post=1251"}],"version-history":[{"count":3,"href":"https:\/\/anatem.info\/index.php?rest_route=\/wp\/v2\/posts\/1251\/revisions"}],"predecessor-version":[{"id":1256,"href":"https:\/\/anatem.info\/index.php?rest_route=\/wp\/v2\/posts\/1251\/revisions\/1256"}],"wp:attachment":[{"href":"https:\/\/anatem.info\/index.php?rest_route=%2Fwp%2Fv2%2Fmedia&parent=1251"}],"wp:term":[{"taxonomy":"category","embeddable":true,"href":"https:\/\/anatem.info\/index.php?rest_route=%2Fwp%2Fv2%2Fcategories&post=1251"},{"taxonomy":"post_tag","embeddable":true,"href":"https:\/\/anatem.info\/index.php?rest_route=%2Fwp%2Fv2%2Ftags&post=1251"}],"curies":[{"name":"wp","href":"https:\/\/api.w.org\/{rel}","templated":true}]}}