{"id":1278,"date":"2014-08-21T11:38:37","date_gmt":"2014-08-21T11:38:37","guid":{"rendered":"http:\/\/anatem.info\/?p=1278"},"modified":"2014-08-21T11:39:48","modified_gmt":"2014-08-21T11:39:48","slug":"texte-integral-du-discours-prononce-par-sm-le-roi-loccasion-du-61eme-anniversaire-de-la-revolution-du-roi-et-du-peuple","status":"publish","type":"post","link":"https:\/\/anatem.info\/?p=1278","title":{"rendered":"Texte int\u00e9gral du Discours prononc\u00e9 par SM le Roi \u00e0 l&rsquo;occasion du 61\u00e8me  anniversaire de la R\u00e9volution du Roi et du Peuple"},"content":{"rendered":"<h2>Sa majest\u00e9 le Roi Mohammed VI a adress\u00e9 un discours \u00e0 la nation le 20 aout 2014 dont voici le texte int\u00e9gral:<\/h2>\n<p style=\"text-align: justify;\"><a href=\"http:\/\/anatem.info\/wp-content\/uploads\/2014\/07\/aaaaaaa8.jpg\"><img decoding=\"async\" class=\"alignleft wp-image-1262 size-thumbnail\" src=\"http:\/\/anatem.info\/wp-content\/uploads\/2014\/07\/aaaaaaa8-150x150.jpg\" alt=\"aaaaaaa\" width=\"150\" height=\"150\" \/><\/a>\u00ab\u00a0Louange \u00e0 Dieu Paix et salut sur le Proph\u00e8te, Sa famille et Ses compagnons<br \/>\nCher peuple,<br \/>\nNous comm\u00e9morons aujourd&rsquo;hui le 61\u00e8me anniversaire de la R\u00e9volution du Roi et du Peuple. Ce faisant, nous c\u00e9l\u00e9brons non seulement une \u00e9pop\u00e9e nationale pour la libert\u00e9 et l&rsquo;ind\u00e9pendance, mais \u00e9galement et surtout le renouvellement du pacte p\u00e9rennisant une r\u00e9volution vou\u00e9e \u00e0 la concr\u00e9tisation de tes aspirations l\u00e9gitimes et \u00e0 la consolidation de la position du Maroc comme acteur de poids dans son environnement r\u00e9gional et international.<br \/>\nDepuis Notre accession au Tr\u00f4ne, Nous avons veill\u00e9 \u00e0 ce que cette communion, n\u00e9e spontan\u00e9ment entre toi et Moi, soit la pierre angulaire pour l&rsquo;\u00e9dification d&rsquo;une soci\u00e9t\u00e9 avanc\u00e9e, soud\u00e9e, accueillante pour tous ses enfants, inspirant \u00e0 chaque Marocaine et chaque Marocain la fiert\u00e9 d&rsquo;y appartenir.<br \/>\nCar, en effet, la patrie appartient \u00e0 tous. Le devoir commande que tous les Marocains, individuellement et collectivement, s&rsquo;impliquent fermement et r\u00e9solument dans la d\u00e9fense de l&rsquo;unit\u00e9 de leur nation et s&rsquo;investissent dans le processus de d\u00e9veloppement de leur pays<br \/>\nLes Marocains sont un peuple habit\u00e9 par l&rsquo;ambition d&rsquo;atteindre les plus hauts sommets et de se mettre au diapason des nations avanc\u00e9es. Mais un tel dessein n&rsquo;a rien d&rsquo;un r\u00eave chim\u00e9rique ou d&rsquo;une cr\u00e9ation ex nihilo. Il proc\u00e8de plut\u00f4t d&rsquo;une r\u00e9alit\u00e9 tangible et s&rsquo;appuie sur des r\u00e9alisations concr\u00e8tes que le Maroc a inscrites \u00e0 son actif sur la voie de la d\u00e9mocratie et du d\u00e9veloppement. O\u00f9 en est donc le Maroc aujourd&rsquo;hui ? Dans quelle cat\u00e9gorie peut-on classer l&rsquo;\u00e9conomie nationale, par rapport \u00e0 d&rsquo;autres pays ? Peut-on le consid\u00e9rer comme un pays comp\u00e9titif, ou le ranger parmi les Etats \u00e9mergents ?<br \/>\nChacun sait qu&rsquo;il n&rsquo;existe pas un mod\u00e8le sp\u00e9cifique de pays \u00e9mergents. Chaque pays poursuit, en mati\u00e8re de d\u00e9veloppement, un parcours qui lui est propre, selon les ressources humaines, \u00e9conomiques et naturelles dont il dispose, et en fonction de son capital civilisationnel, et des \u00e9cueils et difficult\u00e9s qu&rsquo;il vient \u00e0 rencontrer.<br \/>\nMais il est des crit\u00e8res et des atouts qu&rsquo;il faut faire valoir pour faire partie de cette cat\u00e9gorie de pays \u00e9mergents. Il s&rsquo;agit notamment du niveau d&rsquo;\u00e9volution d\u00e9mocratique et institutionnelle, du progr\u00e8s \u00e9conomique et social, et de l&rsquo;ouverture r\u00e9gionale et internationale.<br \/>\nCher peuple,<br \/>\nComme chacun sait, aucun Etat ne peut passer d&rsquo;un palier \u00e0 un autre du jour au lendemain, mais il doit n\u00e9cessairement capitaliser sur les avanc\u00e9es positives qu&rsquo;il a accumul\u00e9es tout au long de son histoire.<br \/>\nLe Maroc, en l&rsquo;occurrence, offre un v\u00e9ritable mod\u00e8le en la mati\u00e8re. Il a pu, au cours des quinze derni\u00e8res ann\u00e9es, conforter son cheminement d\u00e9mocratique, tout en consolidant les fondements d&rsquo;un mod\u00e8le de d\u00e9veloppement int\u00e9gr\u00e9 et durable, port\u00e9 par l&rsquo;imp\u00e9ratif de lancer des projets structurants, alli\u00e9 \u00e0 la volont\u00e9 de promouvoir le d\u00e9veloppement humain et durable.<br \/>\nEn effet, l&rsquo;\u00e9conomie nationale a connu une transformation profonde dans sa structure et une grande diversification dans ses secteurs productifs. Elle a r\u00e9alis\u00e9 un taux de croissance \u00e9lev\u00e9 et constant, et a pu maintenir les grands \u00e9quilibres, en d\u00e9pit des retomb\u00e9es de la crise \u00e9conomique mondiale.<br \/>\nLes strat\u00e9gies sectorielles ont permis, \u00e0 cet \u00e9gard, de r\u00e9aliser des r\u00e9sultats concrets qui ont contribu\u00e9 \u00e0 la clarification de la vision et au repositionnement de l&rsquo;\u00e9conomie nationale sur le plan r\u00e9gional et international.<br \/>\nAinsi, par exemple, le Plan Maroc Vert et le Plan Halieutis ont contribu\u00e9 \u00e0 l&rsquo;obtention par le Maroc du Prix de la FAO, pour avoir atteint, deux ans avant terme, les objectifs du Mill\u00e9naire en mati\u00e8re de lutte contre la pauvret\u00e9 et la faim.<br \/>\nCette performance tient au fait que les deux plans reposent sur la recherche d&rsquo;un \u00e9quilibre entre les grands projets \u00e0 rendement \u00e9lev\u00e9, et les actions de promotion de l&rsquo;agriculture vivri\u00e8re et solidaire et de la p\u00eache artisanale, et eu \u00e9gard \u00e0 leur r\u00f4le dans l&rsquo;am\u00e9lioration et la p\u00e9rennisation du revenu.<br \/>\nDe m\u00eame, le Plan Emergence Industrielle, qui repose sur une approche int\u00e9gr\u00e9e, pr\u00e9voyant notamment de dispenser une formation professionnelle appropri\u00e9e, appuy\u00e9 par le saut qualitatif qu&rsquo;ont connu le secteur commercial et financier et l&rsquo;\u00e9conomie num\u00e9rique, a contribu\u00e9 au renforcement de la position de l&rsquo;\u00e9conomie nationale au niveau continental.<br \/>\nSi les infrastructures comptent parmi les piliers sur lesquels reposent les \u00e9conomies \u00e9mergentes, les r\u00e9alisations que le Maroc a inscrites \u00e0 son actif dans ce domaine, ont contribu\u00e9 \u00e0 accro\u00eetre la comp\u00e9titivit\u00e9 des entreprises et des produits nationaux.<br \/>\nDans le m\u00eame ordre d&rsquo;id\u00e9es, l&rsquo;attractivit\u00e9 de l&rsquo;\u00e9conomie nationale s&rsquo;est renforc\u00e9e gr\u00e2ce aux efforts constants qui sont d\u00e9ploy\u00e9s pour am\u00e9liorer le climat des affaires, et cr\u00e9er des p\u00f4les \u00e9conomiques comp\u00e9titifs, tel le p\u00f4le industriel Meloussa-Tanger.<br \/>\nNous tenons \u00e0 exprimer Notre satisfaction quant \u00e0 la contribution que nombre d&rsquo;entreprises du secteur priv\u00e9 et d&rsquo;\u00e9tablissements publics, ont apport\u00e9e au d\u00e9veloppement de l&rsquo;\u00e9conomie nationale, aussi bien en interne qu&rsquo;\u00e0 l&rsquo;ext\u00e9rieur.<br \/>\nL&rsquo;Office Ch\u00e9rifien des Phosphates constitue \u00e0 cet \u00e9gard un v\u00e9ritable mod\u00e8le au regard de la strat\u00e9gie nationale et internationale efficace dont il dispose et compte tenu de la vision claire, de la bonne gouvernance et de l&rsquo;efficacit\u00e9 qui le caract\u00e9risent. Tous ces facteurs consacrent l&rsquo;int\u00e9gration du Maroc dans le march\u00e9 mondial des phosphates, ressource qui est devenue un enjeu universel tant elle est \u00e9troitement li\u00e9e \u00e0 la s\u00e9curit\u00e9 alimentaire.<br \/>\nLes \u00e9conomies \u00e9mergentes tendent \u00e0 s&rsquo;appuyer principalement sur le d\u00e9veloppement durable et l&rsquo;exploitation judicieuse des opportunit\u00e9s offertes par l&rsquo;Economie Verte.<br \/>\nAinsi, le domaine des \u00e9nergies renouvelables a connu un v\u00e9ritable essor suite aux grands projets que Nous avons lanc\u00e9s, parall\u00e8lement \u00e0 l&rsquo;adoption de la strat\u00e9gie d&rsquo;efficacit\u00e9 \u00e9nerg\u00e9tique et de la politique ambitieuse de mobilisation des ressources en eau.<br \/>\nA cet \u00e9gard, le plan marocain d&rsquo;\u00e9nergie solaire et \u00e9olienne constitue une preuve suppl\u00e9mentaire de notre capacit\u00e9 \u00e0 relever les d\u00e9fis. S&rsquo;il en est ainsi, c&rsquo;est gr\u00e2ce notamment \u00e0 une vision claire et anticipative, conjugu\u00e9e \u00e0 une planification rigoureuse des priorit\u00e9s pressantes, garantissant la satisfaction des besoins \u00e9nerg\u00e9tiques de notre pays et la r\u00e9duction de sa d\u00e9pendance de l&rsquo;\u00e9tranger et ce, gr\u00e2ce \u00e0 une exploitation judicieuse de nos ressources propres en \u00e9nergies renouvelables.<br \/>\nLe Maroc a certes besoin de faire quelques efforts suppl\u00e9mentaires pour progresser r\u00e9solument et avec assurance vers l&rsquo;insertion parmi les Etats \u00e9mergents. Mais d&rsquo;ores et d\u00e9j\u00e0 sa politique d&rsquo;ouverture \u00e9conomique l&rsquo;a confort\u00e9 dans sa position comme axe d&rsquo;\u00e9changes internationaux.<br \/>\nCette performance est illustr\u00e9e par la mise en place de partenariats fructueux, tant avec les pays arabes en particulier les Etats du Conseil de Coop\u00e9ration du Golfe qu&rsquo;avec les pays d&rsquo;Afrique sub sahariens, o\u00f9 le Maroc repr\u00e9sente le deuxi\u00e8me investisseur en Afrique.<br \/>\nL&rsquo;on citera \u00e9galement \u00e0 cet \u00e9gard, le statut avanc\u00e9 liant le Maroc \u00e0 l&rsquo;Union Europ\u00e9enne, et les accords de libre-\u00e9change avec un grand nombre d&rsquo;Etats, dont et au premier chef, les Etats Unis d&rsquo;Am\u00e9rique, ainsi que le partenariat strat\u00e9gique que nous nous employons \u00e0 approfondir avec la Russie, et le partenariat que nous sommes en train de mettre au point avec la Chine.<br \/>\nPar ailleurs, le Maroc constitue un maillon essentiel dans la Coop\u00e9ration tripartite et multilat\u00e9rale, en particulier pour assurer la s\u00e9curit\u00e9, la stabilit\u00e9 et le d\u00e9veloppement en Afrique<br \/>\nCher peuple,<br \/>\nLes acquis et les r\u00e9alisations engrang\u00e9s ne devraient pas inciter \u00e0 l&rsquo;autosatisfaction. Ils devraient plut\u00f4t constituer un motif puissant pour redoubler d&rsquo;efforts et rester constamment mobilis\u00e9s. En effet, soit l&rsquo;\u00e9conomie marocaine devient une \u00e9conomie \u00e9mergente gr\u00e2ce \u00e0 ses potentialit\u00e9s et \u00e0 la coordination des \u00e9nergies de toutes ses composantes, soit elle manquera son rendez-vous avec l&rsquo;Histoire.<br \/>\nNotre mod\u00e8le de d\u00e9veloppement a atteint un niveau de maturit\u00e9 qui l&rsquo;habilite \u00e0 faire une entr\u00e9e d\u00e9finitive et m\u00e9rit\u00e9e dans le concert des pays \u00e9mergents. Toutefois, les prochaines ann\u00e9es seront d\u00e9cisives pour pr\u00e9server les acquis, corriger les dysfonctionnements et stimuler la croissance et l&rsquo;investissement.<br \/>\nAlors, ce mod\u00e8le peut-il progresser, en relevant les d\u00e9fis et en \u00e9liminant les obstacles auxquels il est confront\u00e9 ?<br \/>\nSi les pays s&rsquo;appuient essentiellement sur la comp\u00e9titivit\u00e9 de leurs entreprises, notamment celles qui exportent leurs produits vers les march\u00e9s mondiaux, l&rsquo;\u00e9conomie marocaine a enregistr\u00e9, h\u00e9las, un retard significatif en la mati\u00e8re, en raison de l&rsquo;\u00e9parpillement et de la faiblesse du tissu industriel et de la concurrence du secteur informel.<br \/>\nCette situation appelle la mise en place de groupes forts et d&rsquo;entreprises puissantes permettant de renforcer la r\u00e9silience de l&rsquo;\u00e9conomie nationale, tant pour faire face \u00e0 la concurrence internationale que pour tisser des partenariats avec les petites entreprises \u00e0 m\u00eame de favoriser le d\u00e9veloppement au niveau national.<br \/>\nSe doter de ressources humaines qualifi\u00e9es est un pr\u00e9alable majeur pour rehausser la comp\u00e9titivit\u00e9 et r\u00e9pondre ainsi aux exigences du d\u00e9veloppement et du march\u00e9 de l&#8217;emploi et pour accompagner la progression et la diversification que conna\u00eet l&rsquo;\u00e9conomie nationale.<br \/>\nComme tout le monde le sait, la bonne gouvernance est la cl\u00e9 de r\u00e9ussite de toute r\u00e9forme.<br \/>\nElle est essentielle \u00e0 la r\u00e9alisation des objectifs de toute strat\u00e9gie.<br \/>\nDans quelle mesure le syst\u00e8me de gouvernance actuel dans les secteurs productifs marocains peut-il contribuer \u00e0 la mise \u00e0 niveau et au d\u00e9veloppement de l&rsquo;\u00e9conomie nationale ?<br \/>\nIl est vrai que l&rsquo;objectif de rejoindre les pays \u00e9mergents ne peut se concr\u00e9tiser que si l&rsquo;on continue \u00e0 am\u00e9liorer le climat des affaires, notamment en allant de l&rsquo;avant dans la r\u00e9forme de la Justice et de l&rsquo;Administration, la lutte contre la pr\u00e9varication et la moralisation de la vie publique.<br \/>\nNous estimons que cette t\u00e2che est une responsabilit\u00e9 qui incombe \u00e0 toute la soci\u00e9t\u00e9, citoyens et associations, et qu&rsquo;elle n&rsquo;est pas du seul ressort de l&rsquo;Etat.<br \/>\nIl convient aussi de renforcer le r\u00f4le strat\u00e9gique de l&rsquo;Etat en mati\u00e8re de r\u00e9gulation et d&rsquo;organisation et d&rsquo;engager avec audace les grandes r\u00e9formes, notamment en mati\u00e8re de r\u00e9gimes de retraite et de fiscalit\u00e9, tout en veillant \u00e0 poursuivre l&rsquo;application des r\u00e8gles de bonne gouvernance dans tous les secteurs.<br \/>\nCher peuple,<br \/>\nLe processus de d\u00e9veloppement de certains pays \u00e9mergents se caract\u00e9rise par l&rsquo;apparition de sympt\u00f4mes n\u00e9gatifs illustr\u00e9s par le creusement des \u00e9carts entre les couches sociales.<br \/>\nC&rsquo;est pourquoi Nous veillons \u00e0 ce que le d\u00e9veloppement \u00e9conomique aille de pair avec l&rsquo;am\u00e9lioration des conditions de vie du citoyen marocain. En effet, Nous ne voulons pas d&rsquo;un Maroc \u00e0 deux vitesses : Des riches qui b\u00e9n\u00e9ficient des fruits de la croissance et s&rsquo;enrichissent davantage , et des pauvres rest\u00e9s en dehors de la dynamique de d\u00e9veloppement et expos\u00e9s \u00e0 plus de pauvret\u00e9 et de privation.<br \/>\nC&rsquo;est dans cet esprit que s&rsquo;inscrivent les programmes de l&rsquo;Initiative nationale pour le D\u00e9veloppement humain, exp\u00e9rience dont plusieurs pays ont exprim\u00e9 le souhait de profiter, ainsi que le volet social des plans sectoriels qui attachent un int\u00e9r\u00eat particulier au d\u00e9veloppement local et humain.<br \/>\nNous avons tenu \u00e0 mettre en \u00e9vidence et confirmer la r\u00e9putation des Marocains connus pour leur s\u00e9rieux et leur d\u00e9vouement au travail. En effet, nos citoyens ont d\u00e9montr\u00e9 leur capacit\u00e9 \u00e0 donner et \u00e0 cr\u00e9er, d\u00e8s lors qu&rsquo;ils disposent des moyens n\u00e9cessaires et des conditions idoines pour entreprendre n&rsquo;importe quelle action, de n&rsquo;importe quelle nature, petite ou grande, intellectuelle ou manuelle, et ce, en d\u00e9pit du fl\u00e9au du ch\u00f4mage.<br \/>\nL&rsquo;\u00e9l\u00e9ment humain reste la vraie richesse du Maroc et l&rsquo;une des composantes essentielles de son capital immat\u00e9riel. Nous avons appel\u00e9 dans le Discours du Tr\u00f4ne \u00e0 quantifier et \u00e0 valoriser ce capital, compte tenu de la place qui lui revient dans l&rsquo;impulsion de tous les chantiers et de toutes les r\u00e9formes et en mati\u00e8re d&rsquo;insertion dans l&rsquo;\u00e9conomie de la connaissance<br \/>\nLe progr\u00e8s r\u00e9alis\u00e9 par le Maroc n&rsquo;est pas d\u00fb au hasard. Il est le r\u00e9sultat d&rsquo;une vision claire et de strat\u00e9gies rigoureuses, et des efforts et des sacrifices consentis par tous les Marocains.<br \/>\nA cet \u00e9gard, Nous saluons les gouvernements qui se sont succ\u00e9d\u00e9s jusqu&rsquo;\u00e0 pr\u00e9sent pour le patriotisme sinc\u00e8re et le sens \u00e9lev\u00e9 des responsabilit\u00e9s dont ils ont fait preuve dans la gestion des affaires du pays.<br \/>\nNous rendons \u00e9galement hommage au r\u00f4le cl\u00e9 jou\u00e9 par les entreprises citoyennes dans l&rsquo;impulsion du d\u00e9veloppement \u00e9conomique et social du pays.<br \/>\nNous nous f\u00e9licitons \u00e9galement du r\u00f4le croissant des organisations de la soci\u00e9t\u00e9 civile, et de leur participation efficiente \u00e0 la dynamique de d\u00e9veloppement.<br \/>\nNous rendons un hommage particulier aux partis politiques et aux syndicats s\u00e9rieux que la Constitution a consacr\u00e9s comme acteurs cl\u00e9s et incontournables au sein de l&rsquo;Etat et de la soci\u00e9t\u00e9, compte tenu de leur capital de militantisme, et au vu du patriotisme sinc\u00e8re et du civisme responsable dont ils font preuve dans le traitement des questions majeures de la Nation.<br \/>\nNous adressons l&rsquo;expression de nos remerciements \u00e0 toutes les organisations syndicales pour le r\u00f4le majeur qu&rsquo;elles ont jou\u00e9, au cours des 15 derni\u00e8res ann\u00e9es, dans la consolidation de la paix sociale comprise au sens large, sans pour autant renoncer \u00e0 leurs principes constants, en s&rsquo;attelant \u00e0 d\u00e9fendre les droits et les int\u00e9r\u00eats sociaux et \u00e9conomiques de la classe ouvri\u00e8re.<br \/>\nAussi, il Nous a \u00e9t\u00e9 donn\u00e9 d&rsquo;acc\u00e9der \u00e0 la requ\u00eate qui Nous a \u00e9t\u00e9 soumise par les organisations syndicales concernant leur repr\u00e9sentation au sein de la Chambre des Conseillers, laquelle s&rsquo;apparentait, dans la premi\u00e8re version du projet de la nouvelle Constitution, \u00e0 une chambre r\u00e9serv\u00e9e uniquement aux repr\u00e9sentants des collectivit\u00e9s territoriales.<br \/>\nNous avons \u00e0 c\u0153ur de voir ces organisations continuer \u00e0 jouer le r\u00f4le qui leur incombe dans la soci\u00e9t\u00e9 et en mati\u00e8re de d\u00e9veloppement. Elles se doivent de remplir les obligations nationales qui leur \u00e9choient en mati\u00e8re d&rsquo;\u00e9dification, de r\u00e9forme et de consolidation de la paix sociale, et ce, au m\u00eame titre qu&rsquo;elles jouissent des droits que leur conf\u00e8re la loi.<br \/>\nNous tenons, par ailleurs, \u00e0 rendre hommage aux professionnels de l&rsquo;Enseignement, hommes et femmes, notamment ceux exer\u00e7ant en milieu rural, pour leurs efforts d\u00e9di\u00e9s \u00e0 la formation de g\u00e9n\u00e9rations de cadres qualifi\u00e9s ayant apport\u00e9 leur contribution \u00e0 la mise en \u0153uvre des chantiers de d\u00e9veloppement. Nous les saluons \u00e9galement pour leurs sacrifices en faveur de l&rsquo;\u00e9ducation des g\u00e9n\u00e9rations montantes.<br \/>\nCher peuple,<br \/>\nGagner le pari de rattraper les pays \u00e9mergents n&rsquo;est pas impossible, quand bien m\u00eame cette entreprise rec\u00e8le de nombreuses difficult\u00e9s et de multiples d\u00e9fis.<br \/>\nLe Maroc, gr\u00e2ces en soient rendues \u00e0 Dieu, dispose, pour relever ces d\u00e9fis, de toutes les potentialit\u00e9s n\u00e9cessaires, avec, au premier chef, sa jeunesse lucide et responsable.<br \/>\nNous sommes convaincu qu&rsquo;en vertu du patriotisme, des valeurs de citoyennet\u00e9 constructive et du g\u00e9nie cr\u00e9ateur qui les caract\u00e9risent, nos jeunes, filles et gar\u00e7ons, sont aptes \u00e0 contribuer au d\u00e9veloppement de leur pays et \u00e0 relever les d\u00e9fis li\u00e9s \u00e0 son entr\u00e9e au club des pays \u00e9mergents.<br \/>\nAinsi, nous continuons tous \u00e0 porter le flambeau de la R\u00e9volution renouvel\u00e9e du Roi et du peuple, forts d&rsquo;une symbiose indissoluble entre les composantes de la Nation, et constamment fid\u00e8les \u00e0 la m\u00e9moire immacul\u00e9e de Son Glorieux H\u00e9ros, Notre Grand-P\u00e8re, feu Sa Majest\u00e9 le Roi Mohammed V et de son compagnon de lutte, Notre illustre P\u00e8re, feu Sa Majest\u00e9 le Roi Hassan II, que Dieu les ait en Sa sainte mis\u00e9ricorde, et au souvenir des valeureux martyrs de la R\u00e9sistance et de la Lib\u00e9ration.<br \/>\nWassalamou alaikoum warahmatoullahi wa barakatouh\u00a0\u00bb.<\/p>\n","protected":false},"excerpt":{"rendered":"<p>Sa majest\u00e9 le Roi Mohammed VI a adress\u00e9 un discours \u00e0 la nation le 20 aout 2014 dont voici le<\/p>\n","protected":false},"author":2,"featured_media":781,"comment_status":"closed","ping_status":"closed","sticky":false,"template":"","format":"standard","meta":{"footnotes":""},"categories":[3,5],"tags":[],"class_list":["post-1278","post","type-post","status-publish","format-standard","has-post-thumbnail","hentry","category-accueil","category-maghreb-news"],"_links":{"self":[{"href":"https:\/\/anatem.info\/index.php?rest_route=\/wp\/v2\/posts\/1278","targetHints":{"allow":["GET"]}}],"collection":[{"href":"https:\/\/anatem.info\/index.php?rest_route=\/wp\/v2\/posts"}],"about":[{"href":"https:\/\/anatem.info\/index.php?rest_route=\/wp\/v2\/types\/post"}],"author":[{"embeddable":true,"href":"https:\/\/anatem.info\/index.php?rest_route=\/wp\/v2\/users\/2"}],"replies":[{"embeddable":true,"href":"https:\/\/anatem.info\/index.php?rest_route=%2Fwp%2Fv2%2Fcomments&post=1278"}],"version-history":[{"count":2,"href":"https:\/\/anatem.info\/index.php?rest_route=\/wp\/v2\/posts\/1278\/revisions"}],"predecessor-version":[{"id":1280,"href":"https:\/\/anatem.info\/index.php?rest_route=\/wp\/v2\/posts\/1278\/revisions\/1280"}],"wp:featuredmedia":[{"embeddable":true,"href":"https:\/\/anatem.info\/index.php?rest_route=\/wp\/v2\/media\/781"}],"wp:attachment":[{"href":"https:\/\/anatem.info\/index.php?rest_route=%2Fwp%2Fv2%2Fmedia&parent=1278"}],"wp:term":[{"taxonomy":"category","embeddable":true,"href":"https:\/\/anatem.info\/index.php?rest_route=%2Fwp%2Fv2%2Fcategories&post=1278"},{"taxonomy":"post_tag","embeddable":true,"href":"https:\/\/anatem.info\/index.php?rest_route=%2Fwp%2Fv2%2Ftags&post=1278"}],"curies":[{"name":"wp","href":"https:\/\/api.w.org\/{rel}","templated":true}]}}