{"id":1325,"date":"2014-10-11T13:36:34","date_gmt":"2014-10-11T13:36:34","guid":{"rendered":"http:\/\/anatem.info\/?p=1325"},"modified":"2014-10-11T13:36:34","modified_gmt":"2014-10-11T13:36:34","slug":"points-forts-du-discours-royal-du-10-octobre-2014-lors-de-louverture-de-la-premiere-session-de-la-4eme-annee-legislative-de-la-9eme-legislature","status":"publish","type":"post","link":"https:\/\/anatem.info\/?p=1325","title":{"rendered":"Points forts du discours royal du 10 octobre 2014, lors de l&rsquo;ouverture de la premi\u00e8re session de la 4\u00e8me ann\u00e9e l\u00e9gislative de la 9\u00e8me l\u00e9gislature"},"content":{"rendered":"<p>Le Souverain a appel\u00e9 la classe politique marocaine \u00e0 se doter d'\u00a0\u00bbune v\u00e9ritable charte \u00e9thique de l&rsquo;action politique\u00a0\u00bb, sans se limiter \u00e0 certains articles pr\u00e9vus dans les r\u00e8glements int\u00e9rieurs des deux Chambres du Parlement.<\/p>\n<p>Sa Majest\u00e9 le Roi a \u00e9galement appel\u00e9 les parlementaires \u00e0 la mobilisation et \u00e0 la vigilance dans la d\u00e9fense de l&rsquo;int\u00e9grit\u00e9 territoriale du Maroc, saluant les efforts d\u00e9ploy\u00e9s par la diplomatie parlementaire et partisane en la mati\u00e8re.<\/p>\n<p>Le Souverain a \u00e9galement lanc\u00e9 un appel \u00e0 tous les acteurs politiques pour une bonne pr\u00e9paration des prochaines \u00e9ch\u00e9ances \u00e9lectorales et pour le respect de la volont\u00e9 des \u00e9lecteurs.<\/p>\n<p>SM le Roi a enfin appel\u00e9 le Conseil sup\u00e9rieur de l&rsquo;Education, de la Formation et de la Recherche scientifique \u00e0 reconsid\u00e9rer la vision et le contenu de la r\u00e9forme du secteur de l&rsquo;enseignement et de l&rsquo;\u00e9ducation.<\/p>\n<p>Saisissant l&rsquo;occasion de la c\u00e9l\u00e9bration de la Journ\u00e9e nationale de la Femme, f\u00eat\u00e9e le 10 octobre, SM le Roi a tenu \u00e0 exprimer Son estime \u00e0 la femme marocaine, o\u00f9 qu&rsquo;elle se trouve, et ind\u00e9pendamment des diff\u00e9rentes positions qu&rsquo;elle occupe et de toutes les cat\u00e9gories dont elle est issue, \u00e0 l&rsquo;int\u00e9rieur et \u00e0 l&rsquo;ext\u00e9rieur du Maroc, et ce, en reconnaissance de son concours efficient au d\u00e9veloppement du pays.<\/p>\n<p><a href=\"http:\/\/anatem.info\/wp-content\/uploads\/2014\/10\/SM-LE-ROI-PARLEMENTF.jpg\"><img fetchpriority=\"high\" decoding=\"async\" class=\"alignnone size-full wp-image-1326\" src=\"http:\/\/anatem.info\/wp-content\/uploads\/2014\/10\/SM-LE-ROI-PARLEMENTF.jpg\" alt=\"SM-LE-ROI-PARLEMENTF\" width=\"600\" height=\"360\" srcset=\"https:\/\/anatem.info\/wp-content\/uploads\/2014\/10\/SM-LE-ROI-PARLEMENTF.jpg 600w, https:\/\/anatem.info\/wp-content\/uploads\/2014\/10\/SM-LE-ROI-PARLEMENTF-300x180.jpg 300w\" sizes=\"(max-width: 600px) 100vw, 600px\" \/><\/a> <a href=\"http:\/\/anatem.info\/wp-content\/uploads\/2014\/10\/m6-10-10.jpg\"><img decoding=\"async\" class=\"alignnone size-full wp-image-1327\" src=\"http:\/\/anatem.info\/wp-content\/uploads\/2014\/10\/m6-10-10.jpg\" alt=\"m6-10-10\" width=\"600\" height=\"360\" srcset=\"https:\/\/anatem.info\/wp-content\/uploads\/2014\/10\/m6-10-10.jpg 600w, https:\/\/anatem.info\/wp-content\/uploads\/2014\/10\/m6-10-10-300x180.jpg 300w\" sizes=\"(max-width: 600px) 100vw, 600px\" \/><\/a><\/p>\n","protected":false},"excerpt":{"rendered":"<p>Le Souverain a appel\u00e9 la classe politique marocaine \u00e0 se doter d&rsquo;\u00a0\u00bbune v\u00e9ritable charte \u00e9thique de l&rsquo;action politique\u00a0\u00bb, sans se<\/p>\n","protected":false},"author":2,"featured_media":1326,"comment_status":"closed","ping_status":"closed","sticky":false,"template":"","format":"standard","meta":{"footnotes":""},"categories":[3,62,4,5,7,8],"tags":[],"class_list":["post-1325","post","type-post","status-publish","format-standard","has-post-thumbnail","hentry","category-accueil","category-afrique","category-competences-mre","category-maghreb-news","category-presse-marocaine","category-provinces-du-sud"],"_links":{"self":[{"href":"https:\/\/anatem.info\/index.php?rest_route=\/wp\/v2\/posts\/1325","targetHints":{"allow":["GET"]}}],"collection":[{"href":"https:\/\/anatem.info\/index.php?rest_route=\/wp\/v2\/posts"}],"about":[{"href":"https:\/\/anatem.info\/index.php?rest_route=\/wp\/v2\/types\/post"}],"author":[{"embeddable":true,"href":"https:\/\/anatem.info\/index.php?rest_route=\/wp\/v2\/users\/2"}],"replies":[{"embeddable":true,"href":"https:\/\/anatem.info\/index.php?rest_route=%2Fwp%2Fv2%2Fcomments&post=1325"}],"version-history":[{"count":1,"href":"https:\/\/anatem.info\/index.php?rest_route=\/wp\/v2\/posts\/1325\/revisions"}],"predecessor-version":[{"id":1328,"href":"https:\/\/anatem.info\/index.php?rest_route=\/wp\/v2\/posts\/1325\/revisions\/1328"}],"wp:featuredmedia":[{"embeddable":true,"href":"https:\/\/anatem.info\/index.php?rest_route=\/wp\/v2\/media\/1326"}],"wp:attachment":[{"href":"https:\/\/anatem.info\/index.php?rest_route=%2Fwp%2Fv2%2Fmedia&parent=1325"}],"wp:term":[{"taxonomy":"category","embeddable":true,"href":"https:\/\/anatem.info\/index.php?rest_route=%2Fwp%2Fv2%2Fcategories&post=1325"},{"taxonomy":"post_tag","embeddable":true,"href":"https:\/\/anatem.info\/index.php?rest_route=%2Fwp%2Fv2%2Ftags&post=1325"}],"curies":[{"name":"wp","href":"https:\/\/api.w.org\/{rel}","templated":true}]}}