{"id":1413,"date":"2015-01-12T13:59:37","date_gmt":"2015-01-12T13:59:37","guid":{"rendered":"http:\/\/anatem.info\/?p=1413"},"modified":"2015-01-12T13:59:37","modified_gmt":"2015-01-12T13:59:37","slug":"le-forum-de-crans-montana-dakhla","status":"publish","type":"post","link":"https:\/\/anatem.info\/?p=1413","title":{"rendered":"LE FORUM DE CRANS MONTANA A DAKHLA"},"content":{"rendered":"<p>La session annuelle 2015 du forum de Crans Montana se tiendra, du 12 au 14 mars, \u00e0 la ville de Dakhla sous le th\u00e8me \u00abL\u2019Afrique, la Coop\u00e9ration R\u00e9gionale et la Coop\u00e9ration sud Sud \u00bb.<\/p>\n<p>Ledit Forum vise \u00e0 r\u00e9unir des Chefs de gouvernements, des parlementaires nationaux et internationaux ainsi que des responsables des institutions financi\u00e8res et bancaires pour \u00e9changer les exp\u00e9riences et travailler \u00e0 la construction d\u2019un monde plus humain et plus impartial.<\/p>\n<h2 style=\"text-align: center;\">Dakhla (Royaume du Maroc)<br \/>\n12 au 14 mars 2015<br \/>\nLE FORUM DE CRANS MONTANA A DAKHLA<br \/>\nCOMMUNIQUE DU 29 DECEMBRE 2014<\/h2>\n<p>Depuis plus de trente ann\u00e9es, le Forum de Crans Montana, tel Diog\u00e8ne bien souvent, est parti \u00e0 la recherche d\u2019hommes et de femmes de bien, objectivement d\u00e9sireux d\u2019am\u00e9liorer la situation d\u2019un monde sans cesse menac\u00e9 et de travailler \u00e0 la paix dans la concorde et le progr\u00e8s.<\/p>\n<p>Avec le XXI\u00e8me si\u00e8cle, des pages doivent en effet se tourner. La jeunesse rejette manifestement l\u2019action pass\u00e9e de g\u00e9n\u00e9rations qui n\u2019ont entretenu que l\u2019\u00e9chec et dont l\u2019anachronisme des id\u00e9es entretient des combats d\u2019arri\u00e8re-garde sans espoir ni lendemain. Cela est valable pour toute la plan\u00e8te.<\/p>\n<p>Des fen\u00eatres doivent d\u00e9finitivement s\u2019ouvrir pour laisser entrer l\u2019air frais. Les fronti\u00e8res physiques ou intellectuelles n\u2019ont plus de sens \u00e0 l\u2019\u00e9poque d\u2019Internet.<\/p>\n<p>En Afrique, les seules pr\u00e9occupations de la jeunesse sont d\u00e9sormais l\u2019alimentation, la sant\u00e9, le travail, le d\u00e9veloppement et la paix ! . Sur le plan international et r\u00e9gional, il ne s\u2019agit plus seulement de tol\u00e9rance mais d\u2019une acceptation pure et simple de l\u2019autre, de ses aspirations et de ses diff\u00e9rences !<\/p>\n<p>Pour les prochaines ann\u00e9es, le Forum de Crans Montana ne cessera de d\u00e9ployer ses efforts dans ce sens et d\u2019agir l\u00e0 ou d\u2019autres, souvent par facilit\u00e9, ne pensent m\u00eame pas \u00e0 aller. Dans son sillage les hommes et les femmes de paix seront l\u00e0 comme ils l\u2019ont \u00e9t\u00e9 depuis si longtemps. Le monde les identifiera comme les acteurs de l\u2019avenir.<\/p>\n<p>Car le Forum a toujours \u00e9t\u00e9 une enceinte totalement ouverte. Quiconque, de bonne foi, souhaite exprimer ses positions dans le respect de celles des autres a toujours \u00e9t\u00e9 le bienvenu au Forum de Crans Montana.<\/p>\n<p>Le Forum a choisi Dakhla pour une r\u00e9union de trois journ\u00e9es. Elles seront consacr\u00e9es au dialogue, aux \u00e9changes d\u2019id\u00e9es et d\u2019exp\u00e9riences mais surtout au progr\u00e8s social et \u00e9conomique de populations africaines qui aspirent \u00e0 l\u2019int\u00e9gration mondiale, au d\u00e9veloppement et \u00e0 la paix. Nul ne saurait s\u00e9rieusement pr\u00e9tendre cantonner ces hommes et ces femmes \u00e0 l\u2019\u00e9cart d\u2019un monde en plein changement !<\/p>\n<p>Le soutien d\u2019ores et d\u00e9j\u00e0 apport\u00e9 \u00e0 cette initiative par de nombreuses personnalit\u00e9s et Organisations est un encouragement pour l\u2019Initiative du Forum de Crans Montana.<\/p>\n<p>En choisissant Dakhla, le Forum, comme il le fait toujours, s\u2019est donn\u00e9 pour but de contribuer, dans le respect de la culture locale, au progr\u00e8s politique, \u00e9conomique et social de la population, au d\u00e9veloppement de sa capacit\u00e9 \u00e0 affronter les d\u00e9fis de la mondialisation et \u00e0 l\u2019affermissement de la paix et de la s\u00e9curit\u00e9 internationales.<\/p>\n<p>Il veut \u00e9galement contribuer \u00e0 la formation et \u00e0 l\u2019implication des \u00e9lites locales dans la gouvernance d\u00e9mocratique de leur r\u00e9gion qui seule peut permettre un essor \u00e9conomique et social r\u00e9pondant aux attentes des populations.<\/p>\n<p>Dakhla et ses repr\u00e9sentants locaux \u00e9lus seront associ\u00e9s \u00e9troitement \u00e0 l\u2019organisation du Forum qui veut ainsi offrir \u00e0 la discussion l\u2019exemple d\u2019un mod\u00e8le de d\u00e9veloppement et d\u2019int\u00e9gration sp\u00e9cifiques.<\/p>\n<p>Tous les responsables politiques d\u2019Afrique et du reste du monde ne pourront que se f\u00e9liciter de cette Initiative qui tend \u00e0 mettre en valeur une r\u00e9gion moins connue et aider ainsi au d\u00e9veloppement de populations qui ne repr\u00e9sentent pas toujours la facilit\u00e9 pour les grands acteurs des affaires du monde.<\/p>\n<p>Il s\u2019agit de venir, voir, rencontrer des interlocuteurs, parler, \u00e9changer, confronter des id\u00e9es et travailler \u00e0 un monde si possible meilleur : aucun homme ou femme de bonne foi ne peut refuser une telle invitation ! S\u2019abstenir reviendrait \u00e0 dire que seules les populations de r\u00e9gions \u00e0 haute rentabilit\u00e9 imm\u00e9diate sont dignes d\u2019int\u00e9r\u00eat alors que d\u2019autres, mises sous une sorte d\u2019embargo de la rentabilit\u00e9 ou de controverses politiques seraient condamn\u00e9es \u00e0 l\u2019oubli, loin du progr\u00e8s, du d\u00e9veloppement et de la dignit\u00e9.<\/p>\n","protected":false},"excerpt":{"rendered":"<p>La session annuelle 2015 du forum de Crans Montana se tiendra, du 12 au 14 mars, \u00e0 la ville de<\/p>\n","protected":false},"author":2,"featured_media":0,"comment_status":"closed","ping_status":"closed","sticky":false,"template":"","format":"standard","meta":{"footnotes":""},"categories":[3,62,5],"tags":[],"class_list":["post-1413","post","type-post","status-publish","format-standard","hentry","category-accueil","category-afrique","category-maghreb-news"],"_links":{"self":[{"href":"https:\/\/anatem.info\/index.php?rest_route=\/wp\/v2\/posts\/1413","targetHints":{"allow":["GET"]}}],"collection":[{"href":"https:\/\/anatem.info\/index.php?rest_route=\/wp\/v2\/posts"}],"about":[{"href":"https:\/\/anatem.info\/index.php?rest_route=\/wp\/v2\/types\/post"}],"author":[{"embeddable":true,"href":"https:\/\/anatem.info\/index.php?rest_route=\/wp\/v2\/users\/2"}],"replies":[{"embeddable":true,"href":"https:\/\/anatem.info\/index.php?rest_route=%2Fwp%2Fv2%2Fcomments&post=1413"}],"version-history":[{"count":1,"href":"https:\/\/anatem.info\/index.php?rest_route=\/wp\/v2\/posts\/1413\/revisions"}],"predecessor-version":[{"id":1414,"href":"https:\/\/anatem.info\/index.php?rest_route=\/wp\/v2\/posts\/1413\/revisions\/1414"}],"wp:attachment":[{"href":"https:\/\/anatem.info\/index.php?rest_route=%2Fwp%2Fv2%2Fmedia&parent=1413"}],"wp:term":[{"taxonomy":"category","embeddable":true,"href":"https:\/\/anatem.info\/index.php?rest_route=%2Fwp%2Fv2%2Fcategories&post=1413"},{"taxonomy":"post_tag","embeddable":true,"href":"https:\/\/anatem.info\/index.php?rest_route=%2Fwp%2Fv2%2Ftags&post=1413"}],"curies":[{"name":"wp","href":"https:\/\/api.w.org\/{rel}","templated":true}]}}