{"id":1415,"date":"2015-01-12T14:05:35","date_gmt":"2015-01-12T14:05:35","guid":{"rendered":"http:\/\/anatem.info\/?p=1415"},"modified":"2015-01-12T14:05:35","modified_gmt":"2015-01-12T14:05:35","slug":"forum-de-crans-montana-appercu-sur-le-programme-2015","status":"publish","type":"post","link":"https:\/\/anatem.info\/?p=1415","title":{"rendered":"Forum de Crans  Montana : Apper\u00e7u sur le Programme 2015"},"content":{"rendered":"<p>Le Forum, en t\u00e9moignage de son action en faveur de la Paix et du Dialogue Global, a choisi la ville de Dakhla pour r\u00e9unir sa session annuelle de 2015 consacr\u00e9e \u00e0 l\u2019Afrique et \u00e0 la Coop\u00e9ration Sud-Sud.<\/p>\n<p>Cette r\u00e9union exceptionnelle est plac\u00e9e sous le Haut Patronage de SM le Roi Mohammed VI du Maroc. Selon la tradition du Forum elle est ouverte \u00e0 tous les hommes et toutes les femmes de bonne foi qui ont envie de voir, parler, partager leurs exp\u00e9riences et apprendre. Tous les grands d\u00e9cideurs du monde y sont convi\u00e9s.<\/p>\n<p>Le but du Forum est ainsi de cr\u00e9er une opportunit\u00e9 pour les hauts repr\u00e9sentants de l\u2019Afrique mais aussi du reste du monde ainsi que les populations locales de dialoguer, de partager des projets et des visions d\u2019avenir.<\/p>\n<p>Dakhla, ville excentr\u00e9e mais jouissant d\u2019une position strat\u00e9gique exceptionnelle, est en effet un mod\u00e8le de r\u00e9ussite et de d\u00e9veloppement \u00e9conomique et social en tant que plaque tournante de toute une R\u00e9gion majeure de l\u2019Afrique.<\/p>\n<p>Cette dimension est essentielle pour la perception des grands acteurs europ\u00e9ens et internationaux car cet \u00e9v\u00e9nement constituera une opportunit\u00e9 unique d\u2019\u00e9valuer les progr\u00e8s r\u00e9alis\u00e9s sur un tel territoire tant au niveau \u00e9conomique que social.<\/p>\n<p>Le Forum de Crans Montana \u00e0 Dakhla r\u00e9unira Chefs d\u2019Etat et de Gouvernement, Ministres, Organisations Internationales et R\u00e9gionales, Membres des Parlements nationaux et internationaux, Institutions bancaires et financi\u00e8res, Organisations patronales et professionnelles et d\u00e9cideurs du monde des affaires dans le but de traiter des grands probl\u00e8mes et des perspectives de l\u2019Afrique non seulement au niveau continental mais aussi dans le cadre de la Coop\u00e9ration Sud-Sud qui rassemble la plus grande partie des partenaires&#8230;<\/p>\n<blockquote><p>Un Programme Sp\u00e9cial du Forum de Crans Montana des Nouveaux Leaders du Futur sera organis\u00e9 dans le cadre du Forum de Crans Montana sur l\u2019Afrique et la Coop\u00e9ration Sud-Sud qui se tiendra \u00e0 Dakhla (Maroc), du 12 au 14 mars 2015.<\/p><\/blockquote>\n<p>Ce Programme permettra notamment d\u2019aborder les grands d\u00e9fis de la Jeunesse, comme l\u2019Entrepreneuriat, la RSE et l\u2019Education, ainsi que le r\u00f4le moteur des jeunes d\u00e9cideurs dans la Coop\u00e9ration Sud-Sud.<\/p>\n<p>L&rsquo;\u00e9valuation des risques, la pr\u00e9vention, la lutte contre les \u00e9pid\u00e9mies et la coop\u00e9ration internationale seront \u00e0 l&rsquo;Agenda de la premi\u00e8re session technique du Club de l&rsquo;Afrique Atlantique qui se tiendra dans le cadre du Crans Montana Forum de Dakhla en mars 2015.<\/p>\n<h2>De nombreux experts et personnalit\u00e9s internationales participeront \u00e0 cette rencontre.<\/h2>\n<p>Un Programme sp\u00e9cial du Crans Montana African Women\u2019s Forum se tiendra \u00e0 l\u2019occasion du Forum de Crans Montana sur l\u2019Afrique et la Coop\u00e9ration Sud-Sud \u00e0 Dakhla (Maroc) du 12 au 14 mars 2015.<\/p>\n<p>Le r\u00f4le essentiel de la Femme africaine dans les affaires publiques et priv\u00e9es, la promotion de la jeunesse en tant que moteur de l\u2019Afrique de la Coop\u00e9ration Sud-Sud ainsi que la gestion des affaires publiques seront au c\u0153ur des sujets abord\u00e9s lors de cette rencontre.<\/p>\n<p>Le Crans Montana African Women\u2019s Forum a pour ambition de r\u00e9unir, en un lieu unique et privil\u00e9gi\u00e9, les femmes &#8211; et les hommes &#8211; d\u2019Afrique et du monde entier afin de discuter du r\u00f4le de la Femme Africaine, sur tous les grands sujets, tant \u00e9conomiques que sociaux, de la soci\u00e9t\u00e9 moderne.<\/p>\n<p>La prochaine R\u00e9union Sp\u00e9ciale du Club des Ports se teindra \u00e0 l&rsquo;occasion du Forum de Crans Montana sur l&rsquo;Afrique et la Coop\u00e9ration Sud-Sud, \u00e0 Dakhla du 12 au 14 mars 2015.<\/p>\n<p>Alors que l&rsquo;Afrique se positionne comme un nouveau Hub du Transport Maritime International, un accent particulier sera mis sur la n\u00e9cessaire mise en place d&rsquo;infrastructures de qualit\u00e9 dans l&rsquo;Hinterland et le potentiel de l&rsquo;industrie de la P\u00eache.<\/p>\n<p>De nouveaux Labels d&rsquo;Excellence seront remis \u00e0 cette occassion pour consacrer les efforts et r\u00e9alisations de grands acteurs du Transport Maritime.<br \/>\nLes \u00e9nergies renouvelables seront au c\u0153ur des d\u00e9bats du prochain Forum de Crans Montana sur l\u2019Afrique et la Coop\u00e9ration Sud-Sud qui se tiendra \u00e0 Dakhla du 12 au 15 mars 2015.<\/p>\n<p>Un Programme sp\u00e9cial sera consacr\u00e9 au d\u00e9veloppement des Energies renouvelables en Afrique avec un accent particulier sur les opportunit\u00e9s offertes par le Sahara Atlantique en mati\u00e8re d\u2019Energie \u00e9olienne.<\/p>\n<p>En effet, la r\u00e9gion de Oued Eddahab-Lagouira compte parmi les r\u00e9gions les plus vastes, les mieux vent\u00e9es, les moins dens\u00e9ment peupl\u00e9es et par cons\u00e9quent les plus favorables \u00e0 l\u2019installation de parcs \u00e9oliens.<\/p>\n<p>C\u2019est ainsi que l&rsquo;exploitation commerciale du parc \u00e9olien de Tarfaya, dans le sud de la c\u00f4te Atlantique du Maroc vient de d\u00e9buter. Il s&rsquo;agit de la plus grande ferme \u00e9olienne du continent avec pas moins de 131 \u00e9oliennes r\u00e9parties sur une zone de 8 900 hectares et repr\u00e9sentant une capacit\u00e9 totale de 301 m\u00e9gawatts.<\/p>\n<p>D&rsquo;autres de grands projets sont amen\u00e9s \u00e0 voir le jour et le Forum de Dakhla constitue une excellente opportunit\u00e9 pour les plus grandes soci\u00e9t\u00e9s internationales du secteur de promouvoir leur expertise et de nouer ou consolider des relations dans cette r\u00e9gion au large potentiel.<\/p>\n<h2>Vers une gestion am\u00e9lior\u00e9e des ressources halieutiques dans l&rsquo;int\u00e9r\u00eat des populations locales : un des th\u00e8mes majeurs du Forum de Crans Montana \u00e0 Dakhla.<\/h2>\n<p>Le Forum de Crans Montana \u00e0 Dakhla traitera de probl\u00e9matiques essentielles au d\u00e9veloppement de la R\u00e9gion et \u00e0 la pr\u00e9servation des int\u00e9r\u00eats de la population locale parmi lesquels : \u00ab L\u2019INDUSTRIE AGRO-ALIMENTAIRE ET L\u2019INDUSTRIE DE LA PECHE-APPROVISIONNEMENT ET VALORISATION DES PRODUITS DE LA PECHE \u00bb.<\/p>\n<h2>Une initiative majeure du Forum de Crans Montana : le Club de l&rsquo;Afrique Atlantique<\/h2>\n<p>Le Club de l&rsquo;Afrique Atlantique, Initiative du Forum de Crans Montana, est une communaut\u00e9 internationale exclusive, r\u00e9unissant au plus haut niveau des d\u00e9cideurs des affaires, de la politique et des gouvernements des Etats africains de la fa\u00e7ade atlantique dans une dimension interactive mais r\u00e9solument tourn\u00e9e vers le reste du monde et l\u2019ensemble des interlocuteurs de l\u2019Afrique.<\/p>\n<p>Les membres du Club de l&rsquo;Afrique Atlantique, conscients de la n\u00e9cessit\u00e9 d\u00e9terminante de l\u2019Int\u00e9gration mondiale de leur Continent, s&rsquo;impliquent directement dans le d\u00e9veloppement \u00e9conomique et social de leur pays et la n\u00e9cessaire coop\u00e9ration r\u00e9gionale de la fa\u00e7ade atlantique de l\u2019Afrique.<\/p>\n<p>Les membres du Club de l&rsquo;Afrique Atlantique, de par leur action directe et la mise en commun de leurs connections internationales, se procurent mutuellement les moyens et les meilleures opportunit\u00e9s de d\u00e9veloppement et d&rsquo;int\u00e9gration.<\/p>\n<p>Le Club de l&rsquo;Afrique Atlantique se r\u00e9unira r\u00e9guli\u00e8rement, chaque ann\u00e9e, d\u2019abord au Maroc puis ailleurs en Afrique mais aussi \u00e0 l&rsquo;\u00e9tranger.<\/p>\n<p>Ces rencontres prendront la forme de sessions d&rsquo;\u00e9changes, d&rsquo;information et de concertation afin de r\u00e9unir toutes les parties prenantes et de sensibiliser les interlocuteurs potentiels de la R\u00e9gion \u00e0 travers le monde.<\/p>\n<p>La Session Fondatrice du Club de l&rsquo;Afrique Atlantique se tiendra \u00e0 Dakhla (Maroc) le 13 mars 2015 dans le cadre du Forum de Crans Montana sur l&rsquo;Afrique et la Coop\u00e9ration Sud-Sud.<\/p>\n<p>La premi\u00e8re session pl\u00e9ni\u00e8re du Club de l&rsquo;Afrique Atlantique se tiendra \u00e0 Bruxelles (Belgique) le 13 juin 2015, \u00e0 l&rsquo;occasion de la 26\u00e8me Session annuelle du Forum de Crans Montana<\/p>\n","protected":false},"excerpt":{"rendered":"<p>Le Forum, en t\u00e9moignage de son action en faveur de la Paix et du Dialogue Global, a choisi la ville<\/p>\n","protected":false},"author":2,"featured_media":0,"comment_status":"closed","ping_status":"closed","sticky":false,"template":"","format":"standard","meta":{"footnotes":""},"categories":[3,62,4,5],"tags":[],"class_list":["post-1415","post","type-post","status-publish","format-standard","hentry","category-accueil","category-afrique","category-competences-mre","category-maghreb-news"],"_links":{"self":[{"href":"https:\/\/anatem.info\/index.php?rest_route=\/wp\/v2\/posts\/1415","targetHints":{"allow":["GET"]}}],"collection":[{"href":"https:\/\/anatem.info\/index.php?rest_route=\/wp\/v2\/posts"}],"about":[{"href":"https:\/\/anatem.info\/index.php?rest_route=\/wp\/v2\/types\/post"}],"author":[{"embeddable":true,"href":"https:\/\/anatem.info\/index.php?rest_route=\/wp\/v2\/users\/2"}],"replies":[{"embeddable":true,"href":"https:\/\/anatem.info\/index.php?rest_route=%2Fwp%2Fv2%2Fcomments&post=1415"}],"version-history":[{"count":1,"href":"https:\/\/anatem.info\/index.php?rest_route=\/wp\/v2\/posts\/1415\/revisions"}],"predecessor-version":[{"id":1416,"href":"https:\/\/anatem.info\/index.php?rest_route=\/wp\/v2\/posts\/1415\/revisions\/1416"}],"wp:attachment":[{"href":"https:\/\/anatem.info\/index.php?rest_route=%2Fwp%2Fv2%2Fmedia&parent=1415"}],"wp:term":[{"taxonomy":"category","embeddable":true,"href":"https:\/\/anatem.info\/index.php?rest_route=%2Fwp%2Fv2%2Fcategories&post=1415"},{"taxonomy":"post_tag","embeddable":true,"href":"https:\/\/anatem.info\/index.php?rest_route=%2Fwp%2Fv2%2Ftags&post=1415"}],"curies":[{"name":"wp","href":"https:\/\/api.w.org\/{rel}","templated":true}]}}