{"id":1419,"date":"2015-01-20T15:13:34","date_gmt":"2015-01-20T15:13:34","guid":{"rendered":"http:\/\/anatem.info\/?p=1419"},"modified":"2015-01-20T19:03:50","modified_gmt":"2015-01-20T19:03:50","slug":"communique-sm-le-roi-recoit-sar-le-prince-khaled-ben-bandar-ben-abdelaziz","status":"publish","type":"post","link":"https:\/\/anatem.info\/?p=1419","title":{"rendered":"Communiqu\u00e9 : SM le Roi re\u00e7oit SAR le Prince Khaled Ben Bandar Ben Abdelaziz"},"content":{"rendered":"<p>Communiqu\u00e9 du Palais Royal (F\u00e8s-19 janvier2015)<\/p>\n<p style=\"text-align: justify;\"><a href=\"http:\/\/anatem.info\/wp-content\/uploads\/2015\/01\/bandahar.jpg\"><img fetchpriority=\"high\" decoding=\"async\" class=\" size-full wp-image-1421 alignleft\" src=\"http:\/\/anatem.info\/wp-content\/uploads\/2015\/01\/bandahar.jpg\" alt=\"bandahar\" width=\"292\" height=\"172\" \/><\/a>Sa Majest\u00e9 le Roi Mohammed VI, que Dieu L\u2019assiste, a re\u00e7u, lundi au Palais Royal \u00e0 F\u00e8s, Son Altesse Royale le Prince Khaled Ben Bandar Ben Abdelaziz, Chef des services de renseignement du Royaume d\u2019Arabie Saoudite, qui a transmis au Souverain un message oral du Serviteur des deux Lieux Saints de l\u2019Islam, le Roi Abdellah Ben Abdelaziz Al Saoud.<\/p>\n<p style=\"text-align: justify;\">A cette occasion, SM le Roi a \u00e9t\u00e9 salu\u00e9 par l\u2019ambassadeur d\u2019Arabie Saoudite au Maroc, M. Abderrahmane Mohamed El Jadii, ainsi que par les proches collaborateurs de SAR le Prince Khaled Ben Bandar Ben Abdelaziz.<\/p>\n<p style=\"text-align: justify;\">Cette audience s\u2019est d\u00e9roul\u00e9e en pr\u00e9sence du Directeur G\u00e9n\u00e9ral des Etudes et de la Documentation, M. Mohamed Yassine Mansouri.<\/p>\n","protected":false},"excerpt":{"rendered":"<p>Communiqu\u00e9 du Palais Royal (F\u00e8s-19 janvier2015) Sa Majest\u00e9 le Roi Mohammed VI, que Dieu L\u2019assiste, a re\u00e7u, lundi au Palais<\/p>\n","protected":false},"author":2,"featured_media":1421,"comment_status":"closed","ping_status":"closed","sticky":false,"template":"","format":"standard","meta":{"footnotes":""},"categories":[3,62,5,7],"tags":[],"class_list":["post-1419","post","type-post","status-publish","format-standard","has-post-thumbnail","hentry","category-accueil","category-afrique","category-maghreb-news","category-presse-marocaine"],"_links":{"self":[{"href":"https:\/\/anatem.info\/index.php?rest_route=\/wp\/v2\/posts\/1419","targetHints":{"allow":["GET"]}}],"collection":[{"href":"https:\/\/anatem.info\/index.php?rest_route=\/wp\/v2\/posts"}],"about":[{"href":"https:\/\/anatem.info\/index.php?rest_route=\/wp\/v2\/types\/post"}],"author":[{"embeddable":true,"href":"https:\/\/anatem.info\/index.php?rest_route=\/wp\/v2\/users\/2"}],"replies":[{"embeddable":true,"href":"https:\/\/anatem.info\/index.php?rest_route=%2Fwp%2Fv2%2Fcomments&post=1419"}],"version-history":[{"count":2,"href":"https:\/\/anatem.info\/index.php?rest_route=\/wp\/v2\/posts\/1419\/revisions"}],"predecessor-version":[{"id":1422,"href":"https:\/\/anatem.info\/index.php?rest_route=\/wp\/v2\/posts\/1419\/revisions\/1422"}],"wp:featuredmedia":[{"embeddable":true,"href":"https:\/\/anatem.info\/index.php?rest_route=\/wp\/v2\/media\/1421"}],"wp:attachment":[{"href":"https:\/\/anatem.info\/index.php?rest_route=%2Fwp%2Fv2%2Fmedia&parent=1419"}],"wp:term":[{"taxonomy":"category","embeddable":true,"href":"https:\/\/anatem.info\/index.php?rest_route=%2Fwp%2Fv2%2Fcategories&post=1419"},{"taxonomy":"post_tag","embeddable":true,"href":"https:\/\/anatem.info\/index.php?rest_route=%2Fwp%2Fv2%2Ftags&post=1419"}],"curies":[{"name":"wp","href":"https:\/\/api.w.org\/{rel}","templated":true}]}}