{"id":1424,"date":"2015-01-23T17:37:35","date_gmt":"2015-01-23T17:37:35","guid":{"rendered":"http:\/\/anatem.info\/?p=1424"},"modified":"2015-01-23T17:47:25","modified_gmt":"2015-01-23T17:47:25","slug":"lutte-contre-le-terrorisme-ban-ki-moon-remercie-le-roi-du-maroc","status":"publish","type":"post","link":"https:\/\/anatem.info\/?p=1424","title":{"rendered":"Lutte contre le terrorisme : Ban Ki Moon remercie le Roi du Maroc"},"content":{"rendered":"<p style=\"text-align: justify;\" align=\"JUSTIFY\"><span style=\"font-size: large;\"><a href=\"http:\/\/anatem.info\/wp-content\/uploads\/2014\/09\/11111111111.jpg\"><img decoding=\"async\" class=\" size-full wp-image-1307 alignleft\" src=\"http:\/\/anatem.info\/wp-content\/uploads\/2014\/09\/11111111111.jpg\" alt=\"1111111111\" width=\"172\" height=\"151\" \/><\/a>Le 22 janvier 2015, le Roi du Maroc a re\u00e7u un appel t\u00e9l\u00e9phonique du Secr\u00e9taire G\u00e9n\u00e9ral de l&rsquo;ONU.<\/span><\/p>\n<p style=\"text-align: justify;\" align=\"JUSTIFY\">Dans cet entretien t\u00e9l\u00e9phonique, Monsieur Ban Ki Moon a remerci\u00e9 Sa Majest\u00e9 le Roi Mohammed VI pour son r\u00f4le actif et l&rsquo;engagement constructif du Maroc pour le maintien de la paix, la promotion du d\u00e9veloppement humain et la lutte conte contre l&rsquo;extr\u00e9misme et la radicalisation (&#8230;)<\/p>\n<p style=\"text-align: justify;\" align=\"JUSTIFY\">S&rsquo;agissant de la marocanit\u00e9 des provinces sahariennes, Ban Ki Moon a r\u00e9it\u00e9r\u00e9, au cours de cet entretien t\u00e9l\u00e9phonique, au Souverain marocain qu&rsquo;il avait d\u00fbment pris connaissance des <span lang=\"FR\">commentaires et observations du Maroc et donn\u00e9 des assurances fermes quant \u00e0 la neutralit\u00e9, l&rsquo;objectivit\u00e9 et l&rsquo;impartialit\u00e9 des responsables de l&rsquo;ONU en charge de la conduite de la facilitation onusienne, pr\u00e9cisant que la MINURSO poursuivra sa mission dans le respect strict de son mandat actuel.<\/span><\/p>\n<p style=\"text-align: justify;\" align=\"JUSTIFY\">Des assurances et des clarifications qui ont conduit le Roi du Maroc \u00e0 confirmer au Secr\u00e9taire G\u00e9n\u00e9ral de l&rsquo;ONU l&rsquo;engagement du Maroc pour soutenir la facilitation conduite par l&rsquo;Envoy\u00e9 Personnel et sa pleine coop\u00e9ration avec les responsables d\u00e9sign\u00e9s \u00e0 cet effet par lui m\u00eame.<\/p>\n<p align=\"JUSTIFY\">Farid Mnebhi.<\/p>\n<p>&nbsp;<\/p>\n","protected":false},"excerpt":{"rendered":"<p>Le 22 janvier 2015, le Roi du Maroc a re\u00e7u un appel t\u00e9l\u00e9phonique du Secr\u00e9taire G\u00e9n\u00e9ral de l&rsquo;ONU. Dans cet<\/p>\n","protected":false},"author":2,"featured_media":0,"comment_status":"closed","ping_status":"closed","sticky":false,"template":"","format":"standard","meta":{"footnotes":""},"categories":[3,62],"tags":[],"class_list":["post-1424","post","type-post","status-publish","format-standard","hentry","category-accueil","category-afrique"],"_links":{"self":[{"href":"https:\/\/anatem.info\/index.php?rest_route=\/wp\/v2\/posts\/1424","targetHints":{"allow":["GET"]}}],"collection":[{"href":"https:\/\/anatem.info\/index.php?rest_route=\/wp\/v2\/posts"}],"about":[{"href":"https:\/\/anatem.info\/index.php?rest_route=\/wp\/v2\/types\/post"}],"author":[{"embeddable":true,"href":"https:\/\/anatem.info\/index.php?rest_route=\/wp\/v2\/users\/2"}],"replies":[{"embeddable":true,"href":"https:\/\/anatem.info\/index.php?rest_route=%2Fwp%2Fv2%2Fcomments&post=1424"}],"version-history":[{"count":3,"href":"https:\/\/anatem.info\/index.php?rest_route=\/wp\/v2\/posts\/1424\/revisions"}],"predecessor-version":[{"id":1427,"href":"https:\/\/anatem.info\/index.php?rest_route=\/wp\/v2\/posts\/1424\/revisions\/1427"}],"wp:attachment":[{"href":"https:\/\/anatem.info\/index.php?rest_route=%2Fwp%2Fv2%2Fmedia&parent=1424"}],"wp:term":[{"taxonomy":"category","embeddable":true,"href":"https:\/\/anatem.info\/index.php?rest_route=%2Fwp%2Fv2%2Fcategories&post=1424"},{"taxonomy":"post_tag","embeddable":true,"href":"https:\/\/anatem.info\/index.php?rest_route=%2Fwp%2Fv2%2Ftags&post=1424"}],"curies":[{"name":"wp","href":"https:\/\/api.w.org\/{rel}","templated":true}]}}