{"id":1443,"date":"2015-02-10T15:49:36","date_gmt":"2015-02-10T15:49:36","guid":{"rendered":"http:\/\/anatem.info\/?p=1443"},"modified":"2015-02-10T15:49:36","modified_gmt":"2015-02-10T15:49:36","slug":"sahara-le-jeu-dangereux-de-lalgerie-mis-nu-au-parlement-europeen","status":"publish","type":"post","link":"https:\/\/anatem.info\/?p=1443","title":{"rendered":"Sahara : le jeu dangereux de l&rsquo;Alg\u00e9rie mis \u00e0 nu au Parlement europ\u00e9en"},"content":{"rendered":"<h3 class=\"synopsis\">Le jeu dangereux qu&rsquo;affectionne l&rsquo;Alg\u00e9rie depuis plus de 40 ans pour nuire aux int\u00e9r\u00eats du Maroc \u00e0 travers le soutien politique, diplomatique, financier et militaire du Front du Polisario vient d&rsquo;\u00eatre encore une fois mis \u00e0 nu au si\u00e8ge bruxellois du Parlement europ\u00e9en, \u00e0 l&rsquo;occasion de la projection du film documentaire &lsquo;Polisario : Identit\u00e9 d&rsquo;un front\u00a0\u00bb, qui apporte un \u00e9clairage pertinent et objectif sur la question du Sahara.<\/h3>\n<p>Ce film de 52 minutes a \u00e9t\u00e9 projet\u00e9 dans une salle archicomble en pr\u00e9sence de plusieurs eurod\u00e9put\u00e9s, de repr\u00e9sentants des missions diplomatiques accr\u00e9dit\u00e9es aupr\u00e8s de l&rsquo;UE et d&rsquo;ONG sahraouies bas\u00e9es en Europe, \u00e0 l&rsquo;initiative du pr\u00e9sident du groupe d&rsquo;amiti\u00e9 UE-Maroc au Parlement europ\u00e9en, Gilles Pargneaux.<\/p>\n<p>&lsquo;Le documentaire l\u00e8ve le voile sur la r\u00e9alit\u00e9 du Polisario et propose une radioscopie qui fait la lumi\u00e8re sur son essence, son id\u00e9ologie, ses soutiens, ses pratiques, son absence de l\u00e9gitimit\u00e9 \u00e0 repr\u00e9senter les Sahraouis ou \u00e0 en d\u00e9fendre une cause\u00a0\u00bb, a indiqu\u00e9 M. Pargneaux \u00e0 cette occasion.<\/p>\n<p>Mieux comprendre le conflit du Sahara pour mieux aider \u00e0 sa r\u00e9solution et \u00e0 la promotion d&rsquo;un espace pacifi\u00e9 est certainement l&rsquo;objectif de ce documentaire, a ajout\u00e9 l&rsquo;eurod\u00e9put\u00e9 socialiste qui intervenait aux c\u00f4t\u00e9s de l&rsquo;ancien repr\u00e9sentant sp\u00e9cial du secr\u00e9taire g\u00e9n\u00e9ral des Nations-Unies au Sahara (1995 \u00e0 1998) Erik Jansen et de Bachir Dkhil, membre fondateur du Polisario qui ralli\u00e9 le Maroc depuis plusieurs ann\u00e9es.<\/p>\n<p>Produit en 2014, le film qui retrace l&rsquo;histoire du Polisario depuis sa cr\u00e9ation \u00e0 nos jours, revient sur le contexte g\u00e9opolitique et g\u00e9ostrat\u00e9gique de l&rsquo;\u00e9poque, afin de mieux appr\u00e9hender les fondements ayant pr\u00e9sid\u00e9 \u00e0 la cr\u00e9ation du front du Polisario qui revendique aujourd&rsquo;hui la cr\u00e9ation d&rsquo;un Etat factice au Maghreb.<\/p>\n<p>Le film est aliment\u00e9 d&rsquo;images d&rsquo;archives de l&rsquo;Institut national fran\u00e7ais de l&rsquo;audiovisuel (INA) et par de pr\u00e9cieux t\u00e9moignages, notamment des principaux membres fondateurs du Polisario et d&rsquo;experts internationaux qui ne laissent point de doute sur le jeu trouble et dangereux que m\u00e8ne l&rsquo;Alg\u00e9rie depuis plusieurs d\u00e9cennies dans une r\u00e9gion en proie au terrorisme et \u00e0 l&rsquo;instabilit\u00e9.<\/p>\n<p>Ces t\u00e9moignages \u00e9difiants montrent clairement comment l&rsquo;Alg\u00e9rie instrumentalise le Polisario, un mouvement cr\u00e9\u00e9 par des \u00e9tudiants sahraouis dans le cadre de la lutte contre l&rsquo;occupation espagnole du Sahara marocain que le pouvoir alg\u00e9rien a r\u00e9cup\u00e9r\u00e9 et d\u00e9tourn\u00e9 de son but, dans l&rsquo;objectif d&rsquo;affaiblir le Maroc et tenter de servir ses desseins h\u00e9g\u00e9moniques dans la r\u00e9gion.<\/p>\n<p>Le film met \u00e0 nu les mensonges v\u00e9hicul\u00e9s par le Polisario et braque \u00e9galement la lumi\u00e8re sur leurs d\u00e9rives et les s\u00e9vices inflig\u00e9s aux populations s\u00e9questr\u00e9es dans les camps de Tindouf dans le sud-ouest alg\u00e9rien. Il aborde \u00e9galement les abus et les pratiques scandaleuses de la gente du Polisario et leurs cons\u00e9quences dramatiques sur les familles marocaines sahraouies d\u00e9chir\u00e9es par le conflit \u00e0 cause notamment de l&#8217;embrigadement de leurs enfants et leur exp\u00e9dition en Am\u00e9rique latine pour des fins d&rsquo;endoctrinement.<\/p>\n<p>Des trag\u00e9dies humaines racont\u00e9es avec beaucoup d&rsquo;\u00e9motion, \u00e0 l&rsquo;issue de la s\u00e9ance de projection, par la militante des droits de l&rsquo;Homme, Saadani Maa Alainine, qui avait elle-m\u00eame endur\u00e9 dans sa propre chair des blessures qu&rsquo;elle peine encore aujourd&rsquo;hui \u00e0 panser, suite \u00e0 la liquidation devant ses yeux de son p\u00e8re et la torture de sa m\u00e8re.<\/p>\n<p>La jeune Maa Alainine, un exemple m\u00eame des atrocit\u00e9s du Polisario, est revenue longuement sur son douloureux exil forc\u00e9 durant de longues et interminables ann\u00e9es \u00e0 Cuba, loin de sa famille, ses proches et ses rep\u00e8res. Elle raconte son propre v\u00e9cu certes, mais ne se lasse pas de r\u00e9p\u00e9ter que c&rsquo;est le m\u00eame sort r\u00e9serv\u00e9 par le Polisario aux enfants dans un horrible syst\u00e8me d&rsquo;endoctrinement.<\/p>\n<p>Tout le monde doit comprendre la r\u00e9alit\u00e9 du Polisario, dont la direction n&rsquo;est sensible \u00e0 rien sauf \u00e0 entretenir les moyens de son propre enrichissement, a-t-elle lanc\u00e9, appelant l&rsquo;Union europ\u00e9enne et les organisations internationales \u00e0 exercer des pressions sur le Polisario pour mettre fin aux souffrances des populations s\u00e9questr\u00e9es \u00e0 Tindouf.<\/p>\n<p>Une issue existe et doit \u00eatre soutenue, a-t-elle dit, notant que le plan d&rsquo;autonomie \u00e9largie propos\u00e9e par le Maroc est la solution la plus viable qui pourra r\u00e9gler d\u00e9finitivement cette question et redonner espoir aux jeunes des camps qui risquent de tomber dans les filets du terrorisme.<\/p>\n<p>Un point \u00e9galement relev\u00e9 par Bachir Dkhil, l&rsquo;un des fondateurs du Polisario, qui a indiqu\u00e9 que face aux probl\u00e8mes croissants de terrorisme et d&rsquo;ins\u00e9curit\u00e9 dans la r\u00e9gion, la proposition du Maroc est \u00e0 m\u00eame de r\u00e9soudre ce conflit qui n&rsquo;a que trop dur\u00e9. Mais faut-il que l&rsquo;Alg\u00e9rie et le Polisario, qui ne repr\u00e9sente d&rsquo;ailleurs pas les Sahraouis, cessent leur obstination \u00e0 r\u00e9clamer un r\u00e9f\u00e9rendum que m\u00eame les Nations-Unies ont conclu \u00e0 l&rsquo;impossibilit\u00e9 de son organisation, a-t-il soulign\u00e9.<\/p>\n<p>Pour M. Dkhil, la r\u00e9alit\u00e9 est que ni les dirigeants du Polisario ni de l&rsquo;Alg\u00e9rie ne veulent de solution au conflit du Sahara. Les premiers se plaisent \u00e0 continuer \u00e0 utiliser la population comme fonds de commerce pour b\u00e9n\u00e9ficier des aides financi\u00e8res, et les seconds cherchent \u00e0 tout prix \u00e0 maintenir le statu quo.<br \/>\n(MAP 04\/02\/2015)<\/p>\n","protected":false},"excerpt":{"rendered":"<p>Le jeu dangereux qu&rsquo;affectionne l&rsquo;Alg\u00e9rie depuis plus de 40 ans pour nuire aux int\u00e9r\u00eats du Maroc \u00e0 travers le soutien<\/p>\n","protected":false},"author":2,"featured_media":0,"comment_status":"closed","ping_status":"closed","sticky":false,"template":"","format":"standard","meta":{"footnotes":""},"categories":[3,5,7,8],"tags":[],"class_list":["post-1443","post","type-post","status-publish","format-standard","hentry","category-accueil","category-maghreb-news","category-presse-marocaine","category-provinces-du-sud"],"_links":{"self":[{"href":"https:\/\/anatem.info\/index.php?rest_route=\/wp\/v2\/posts\/1443","targetHints":{"allow":["GET"]}}],"collection":[{"href":"https:\/\/anatem.info\/index.php?rest_route=\/wp\/v2\/posts"}],"about":[{"href":"https:\/\/anatem.info\/index.php?rest_route=\/wp\/v2\/types\/post"}],"author":[{"embeddable":true,"href":"https:\/\/anatem.info\/index.php?rest_route=\/wp\/v2\/users\/2"}],"replies":[{"embeddable":true,"href":"https:\/\/anatem.info\/index.php?rest_route=%2Fwp%2Fv2%2Fcomments&post=1443"}],"version-history":[{"count":1,"href":"https:\/\/anatem.info\/index.php?rest_route=\/wp\/v2\/posts\/1443\/revisions"}],"predecessor-version":[{"id":1444,"href":"https:\/\/anatem.info\/index.php?rest_route=\/wp\/v2\/posts\/1443\/revisions\/1444"}],"wp:attachment":[{"href":"https:\/\/anatem.info\/index.php?rest_route=%2Fwp%2Fv2%2Fmedia&parent=1443"}],"wp:term":[{"taxonomy":"category","embeddable":true,"href":"https:\/\/anatem.info\/index.php?rest_route=%2Fwp%2Fv2%2Fcategories&post=1443"},{"taxonomy":"post_tag","embeddable":true,"href":"https:\/\/anatem.info\/index.php?rest_route=%2Fwp%2Fv2%2Ftags&post=1443"}],"curies":[{"name":"wp","href":"https:\/\/api.w.org\/{rel}","templated":true}]}}