{"id":1455,"date":"2015-03-11T14:35:18","date_gmt":"2015-03-11T14:35:18","guid":{"rendered":"http:\/\/anatem.info\/?p=1455"},"modified":"2015-03-11T14:35:18","modified_gmt":"2015-03-11T14:35:18","slug":"maroc-nigeria-le-maroc-decide-le-rappel-immediat-en-consultation-de-son-ambassadeur-abuja","status":"publish","type":"post","link":"https:\/\/anatem.info\/?p=1455","title":{"rendered":"Maroc \/ Nigeria : Le Maroc d\u00e9cide le rappel imm\u00e9diat en consultation de son ambassadeur \u00e0 Abuja"},"content":{"rendered":"<p>Rabat, 10 mars 2015 (MAP) &#8211; Le Royaume du Maroc a d\u00e9cid\u00e9 le rappel imm\u00e9diat en consultation de l&rsquo;ambassadeur de Sa Majest\u00e9 le Roi \u00e0 Abuja, annonce mardi le minist\u00e8re des Affaires \u00e9trang\u00e8res et de la Coop\u00e9ration (MAEC) dans un communiqu\u00e9.<\/p>\n<p>Le minist\u00e8re explique que \u00ab\u00a0contrairement \u00e0 ce que les autorit\u00e9s nig\u00e9rianes ont avanc\u00e9 \u00e0 l&rsquo;ambassadeur de Sa Majest\u00e9 le Roi \u00e0 Abuja et aux m\u00e9dias locaux, le Royaume du Maroc confirme, de la mani\u00e8re la plus claire et la plus ferme, qu&rsquo;il n&rsquo;y a jamais eu d&rsquo;entretien t\u00e9l\u00e9phonique entre Sa Majest\u00e9 le Roi Mohammed VI que Dieu L&rsquo;assiste- et le Pr\u00e9sident de ce pays\u00a0\u00bb.<\/p>\n<p>\u00ab\u00a0Sa Majest\u00e9 le Roi a effectivement d\u00e9clin\u00e9 la demande des autorit\u00e9s nig\u00e9rianes du fait qu&rsquo;elle s&rsquo;inscrit dans le cadre de man\u0153uvres \u00e9lectorales internes et des positions fonci\u00e8rement hostiles de ce pays \u00e0 l&rsquo;\u00e9gard de l&rsquo;int\u00e9grit\u00e9 territoriale du Royaume\u00a0\u00bb, rappelle le communiqu\u00e9.<\/p>\n<p>\u00ab\u00a0Le Royaume du Maroc exprime son \u00e9tonnement et sa d\u00e9nonciation \u00e0 l&rsquo;\u00e9gard de ces pratiques contraires \u00e0 l&rsquo;\u00e9thique et \u00e0 l&rsquo;esprit de responsabilit\u00e9 qui doivent pr\u00e9valoir dans les relations entre Etats\u00a0\u00bb, ajoute le MAEC.<\/p>\n<p>\u00ab\u00a0En cons\u00e9quence, le Royaume du Maroc a d\u00e9cid\u00e9 le rappel imm\u00e9diat en consultation de l&rsquo;ambassadeur de Sa Majest\u00e9 le Roi \u00e0 Abuja\u00a0\u00bb, conclut le communiqu\u00e9.(MAP).<\/p>\n","protected":false},"excerpt":{"rendered":"<p>Rabat, 10 mars 2015 (MAP) &#8211; Le Royaume du Maroc a d\u00e9cid\u00e9 le rappel imm\u00e9diat en consultation de l&rsquo;ambassadeur de<\/p>\n","protected":false},"author":2,"featured_media":0,"comment_status":"closed","ping_status":"closed","sticky":false,"template":"","format":"standard","meta":{"footnotes":""},"categories":[3,62,7],"tags":[],"class_list":["post-1455","post","type-post","status-publish","format-standard","hentry","category-accueil","category-afrique","category-presse-marocaine"],"_links":{"self":[{"href":"https:\/\/anatem.info\/index.php?rest_route=\/wp\/v2\/posts\/1455","targetHints":{"allow":["GET"]}}],"collection":[{"href":"https:\/\/anatem.info\/index.php?rest_route=\/wp\/v2\/posts"}],"about":[{"href":"https:\/\/anatem.info\/index.php?rest_route=\/wp\/v2\/types\/post"}],"author":[{"embeddable":true,"href":"https:\/\/anatem.info\/index.php?rest_route=\/wp\/v2\/users\/2"}],"replies":[{"embeddable":true,"href":"https:\/\/anatem.info\/index.php?rest_route=%2Fwp%2Fv2%2Fcomments&post=1455"}],"version-history":[{"count":1,"href":"https:\/\/anatem.info\/index.php?rest_route=\/wp\/v2\/posts\/1455\/revisions"}],"predecessor-version":[{"id":1456,"href":"https:\/\/anatem.info\/index.php?rest_route=\/wp\/v2\/posts\/1455\/revisions\/1456"}],"wp:attachment":[{"href":"https:\/\/anatem.info\/index.php?rest_route=%2Fwp%2Fv2%2Fmedia&parent=1455"}],"wp:term":[{"taxonomy":"category","embeddable":true,"href":"https:\/\/anatem.info\/index.php?rest_route=%2Fwp%2Fv2%2Fcategories&post=1455"},{"taxonomy":"post_tag","embeddable":true,"href":"https:\/\/anatem.info\/index.php?rest_route=%2Fwp%2Fv2%2Ftags&post=1455"}],"curies":[{"name":"wp","href":"https:\/\/api.w.org\/{rel}","templated":true}]}}