{"id":1458,"date":"2015-03-17T09:09:14","date_gmt":"2015-03-17T09:09:14","guid":{"rendered":"http:\/\/anatem.info\/?p=1458"},"modified":"2015-03-17T09:17:05","modified_gmt":"2015-03-17T09:17:05","slug":"message-royal-aux-participants-au-forum-crans-montana-dakhla","status":"publish","type":"post","link":"https:\/\/anatem.info\/?p=1458","title":{"rendered":"Message Royal aux participants au Forum Crans Montana \u00e0 Dakhla"},"content":{"rendered":"<p>Dakhla, 13 mars 2015 (MAP) &#8211; SM le Roi Mohammed VI a adress\u00e9, vendredi, un message aux participants au Forum Crans Montana, qui se tient \u00e0 Dakhla, et dont lecture a \u00e9t\u00e9 donn\u00e9e par le Chef du gouvernement, M. Abdelilah Benkirane. Voici le texte int\u00e9gral du message royal: \u00ab\u00a0Louange \u00e0 Dieu Pri\u00e8re et salut sur le Proph\u00e8te, Sa famille et Ses compagnons.<\/p>\n<p>Excellences, Mesdames et Messieurs,<\/p>\n<p>C&rsquo;est avec un r\u00e9el plaisir que Nous nous adressons aux participants \u00e0 cette \u00e9dition du Forum de Crans Montana d\u00e9di\u00e9e \u00e0 l&rsquo;Afrique, et qui r\u00e9unit, sous Notre Haut Patronage, des personnalit\u00e9s issues de divers horizons et jouissant d&rsquo;une renomm\u00e9e internationale incontestable.<\/p>\n<p>A tous, Nous souhaitons la bienvenue au Maroc, et plus particuli\u00e8rement dans la ville de Dakhla, la perle du Sud du Royaume. Nous tenons \u00e0 vous f\u00e9liciter pour ce choix judicieux sp\u00e9cifiquement \u00e0 la lumi\u00e8re de la th\u00e9matique centrale de votre forum.<\/p>\n<p>En effet, le nouveau mod\u00e8le de d\u00e9veloppement de la r\u00e9gion du Sahara adopt\u00e9 par le Royaume ambitionne de faire de cette r\u00e9gion un hub entre le Maghreb et l&rsquo;Afrique subsaharienne. Dans ce sens, la ville de Dakhla est appel\u00e9e \u00e0 avoir une position centrale dans le futur hub \u00e9conomique africain qui sera d\u00e9di\u00e9 au service de la paix et de la stabilit\u00e9 dans la r\u00e9gion subsaharienne.<\/p>\n<p>Ce nouveau mod\u00e8le de d\u00e9veloppement, proc\u00e8de d&rsquo;une vision politique ambitieuse \u00e0 la faveur d&rsquo;une nouvelle g\u00e9n\u00e9ration de r\u00e9formes institutionnelles bas\u00e9es sur la r\u00e9gionalisation avanc\u00e9e.<\/p>\n<p>En effet, le Royaume ambitionne de mettre en valeur les sp\u00e9cificit\u00e9s locales de ses territoires, de promouvoir la bonne gouvernance locale et de d\u00e9velopper, au niveau des r\u00e9gions, des politiques publiques garantes de l&rsquo;efficacit\u00e9 de l&rsquo;intervention de l&rsquo;Etat et de son partenariat avec les collectivit\u00e9s territoriales.<\/p>\n<p>Dans ce cadre, la ville de Dakhla est vou\u00e9e \u00e0 devenir une plateforme d&rsquo;\u00e9changes multiformes entre l&rsquo;Atlantique, le Maghreb et le Sahel.<\/p>\n<p>Aussi, la pr\u00e9sence de participants de tous bords et de divers horizons (Etats, soci\u00e9t\u00e9s civiles, acteurs \u00e9conomiques ,) tout comme l&rsquo;importance des th\u00e9matiques qui seront abord\u00e9es nous confortent dans ces choix strat\u00e9giques pour un continent africain solidaire et tourn\u00e9 r\u00e9solument vers l&rsquo;avenir.<\/p>\n<p>Vous rendez ainsi hommage \u00e0 l&rsquo;action que Nous menons avec pers\u00e9v\u00e9rance en faveur de Notre Continent. En effet, le Maroc ne cesse d&rsquo;\u0153uvrer en faveur d&rsquo;une Afrique moderne, audacieuse, entreprenante et ouverte , une Afrique fi\u00e8re de son identit\u00e9, forte de son patrimoine culturel et capable de transcender les id\u00e9ologies surann\u00e9es.<\/p>\n<p>C&rsquo;est pourquoi, nous tenons, aujourd&rsquo;hui, \u00e0 rendre un vibrant hommage \u00e0 M. Jean Paul Carteron qui a su mettre \u00e0 profit son exp\u00e9rience riche et \u00e9clectique pour servir de nobles causes \u00e0 travers le dialogue et le partage.<\/p>\n<p>Le choix, logique et raisonn\u00e9, de l&rsquo;\u00e9minente institution qu&rsquo;il repr\u00e9sente, pour la terre du Sahara marocain sera sans nul doute un facteur de succ\u00e8s et de r\u00e9ussite.<\/p>\n<p>Excellences, Mesdames et Messieurs,<\/p>\n<p>Le th\u00e8me de la coop\u00e9ration sud-sud et le d\u00e9veloppement de l&rsquo;Afrique que vous avez choisi pour vos travaux, est d&rsquo;une grande pertinence et d&rsquo;une remarquable actualit\u00e9, Il refl\u00e8te sans doute notre ambition commune de placer l&rsquo;Afrique au c\u0153ur des grandes pr\u00e9occupations g\u00e9opolitiques mondiales.<\/p>\n<p>A cet \u00e9gard, les concepts de la coop\u00e9ration sud-sud doivent int\u00e9grer la nouvelle donne du 21\u00e8me si\u00e8cle et s&rsquo;adapter en fonction des tendances lourdes induites par la mondialisation sous ses multiples facettes.<\/p>\n<p>Dans le m\u00eame ordre d&rsquo;id\u00e9es, Nous avons constamment plaid\u00e9 en faveur d&rsquo;une coop\u00e9ration efficiente et solidaire, tirant le meilleur parti des opportunit\u00e9s offertes par la coop\u00e9ration triangulaire, tant au niveau r\u00e9gional qu&rsquo;avec les pays du Nord. Bien \u00e9videmment, cette action doit \u00eatre men\u00e9e dans un esprit de respect mutuel, d&rsquo;\u00e9quilibre et de prise en compte des int\u00e9r\u00eats des diff\u00e9rents partenaires.<\/p>\n<p>Le Royaume du Maroc qui a fait de la coop\u00e9ration sud-sud l&rsquo;un des piliers de sa politique ext\u00e9rieure, d\u00e9veloppe, avec l&rsquo;\u00e9lan d&rsquo;ouverture n\u00e9cessaire, des partenariats tout aussi fructueux avec ses partenaires europ\u00e9ens, nord-am\u00e9ricains et asiatiques. C&rsquo;est pr\u00e9cis\u00e9ment ce mod\u00e8le partenarial, \u00e0 caract\u00e8re multidimensionnel et mobilisant plusieurs acteurs, qu&rsquo;il nous appartient de promouvoir avec pers\u00e9v\u00e9rance, en faveur d&rsquo;un d\u00e9veloppement accru de l&rsquo;Afrique.<\/p>\n<p>Notre continent est celui qui a pay\u00e9 le plus lourd tribut \u00e0 la colonisation et \u00e0 la guerre froide, et continue malheureusement, encore aujourd&rsquo;hui, \u00e0 en subir les s\u00e9quelles.<\/p>\n<p>En Afrique, les fronti\u00e8res h\u00e9rit\u00e9es de la colonisation sont encore et souvent la source majeure de tensions et de conflits, il nous appartient, nous africains d&rsquo;innover pour en faire des espaces ouverts favorisant les rencontres et les \u00e9changes fructueux entre les soci\u00e9t\u00e9s africaines.<\/p>\n<p>L&rsquo;Afrique est \u00e9galement un continent travers\u00e9 par des lignes de fracture \u00e9conomiques, politiques et culturelles qui g\u00e9n\u00e8rent des crises multiformes, alors que la pluralit\u00e9 et la diversit\u00e9 de ses formidables richesses humaines et naturelles devraient, au contraire, constituer le meilleur catalyseur pour l&rsquo;int\u00e9gration r\u00e9gionale et les compl\u00e9mentarit\u00e9s entre ses espaces, de sorte \u00e0 \u00e9liminer les s\u00e9quelles du morc\u00e8lement dont le continent a fait l&rsquo;objet durant la p\u00e9riode coloniale, et qui a favoris\u00e9 les tensions politiques et ethniques.<\/p>\n<p>C&rsquo;est aussi un continent confront\u00e9 \u00e0 une pr\u00e9carit\u00e9 s\u00e9curitaire croissante et inqui\u00e9tante. De nouveaux p\u00e9rils transnationaux, tels que le terrorisme, le crime organis\u00e9, le trafic des stup\u00e9fiants, la traite des humains et l&rsquo;extr\u00e9misme religieux, se sont d\u00e9velopp\u00e9s de fa\u00e7on alarmante dans de nombreuses r\u00e9gions africaines. Autant de d\u00e9fis majeurs qui appellent des r\u00e9ponses transnationales et nous mettent devant l&rsquo;exigence d&rsquo;une r\u00e9flexion collective concert\u00e9e \u00e0 la probl\u00e9matique s\u00e9curitaire.<\/p>\n<p>Mais, motif d&rsquo;espoir confortant nos ambitions et nos desseins communs, l&rsquo;Afrique est le continent qui dispose aujourd&rsquo;hui de plus d&rsquo;atouts multidimensionnels pour incarner l&rsquo;avenir du monde.<\/p>\n<p>&#8211; Le continent africain est celui dont l&rsquo;\u00e9conomie a le plus cr\u00fb depuis 2000, et dont le commerce avec le reste du monde a augment\u00e9 de plus de 200 % au cours de la m\u00eame p\u00e9riode.<\/p>\n<p>&#8211; Notre continent comptera pr\u00e8s de 2 milliards d&rsquo;habitants \u00e0 l&rsquo;horizon 2050 et devra mettre \u00e0 profit ce formidable potentiel d\u00e9mographique, particuli\u00e8rement la jeunesse, pour consolider sa place dans l&rsquo;\u00e9conomie mondiale.<\/p>\n<p>&#8211; C&rsquo;est le continent qui dispose du plus grand potentiel de richesses naturelles qu&rsquo;il convient de valoriser et d&rsquo;exploiter au b\u00e9n\u00e9fice du d\u00e9veloppement humain durable de ses populations.<\/p>\n<p>&#8211; C&rsquo;est le continent dans lequel la d\u00e9mocratie et la bonne gouvernance se construisent et se renforcent chaque jour davantage.<\/p>\n<p>C&rsquo;est ce qui Nous permet de conclure que l&rsquo;Afrique se trouve aujourd&rsquo;hui dans une phase charni\u00e8re de son histoire, et qu&rsquo;elle a besoin de la mise en place de strat\u00e9gies, instruments et m\u00e9canismes novateurs pour consolider sa marche vers le progr\u00e8s.<\/p>\n<p>Il faudrait \u00e0 cet effet que l&rsquo;Afrique s&rsquo;affranchisse d\u00e9finitivement des carcans h\u00e9rit\u00e9s de son pass\u00e9 colonial et se tourne r\u00e9solument vers son avenir, en faisant davantage confiance \u00e0 elle-m\u00eame et \u00e0 ses propres capacit\u00e9s.<\/p>\n<p>L&rsquo;Afrique a besoin d&rsquo;\u00e9laborer et de soutenir des partenariats gagnant-gagnant.<\/p>\n<p>L&rsquo;Afrique a besoin de favoriser sa part dans la cha\u00eene internationale de la cr\u00e9ation de la valeur.<\/p>\n<p>L&rsquo;Afrique a besoin de faire progresser l&rsquo;int\u00e9gration \u00e9conomique r\u00e9gionale et de b\u00e2tir des espaces communs de prosp\u00e9rit\u00e9 permettant la libre circulation des biens et des personnes.<\/p>\n<p>L&rsquo;Afrique a besoin d&rsquo;investir massivement dans son infrastructure et d&rsquo;am\u00e9liorer les conditions de vie de ses citoyens.<\/p>\n<p>L&rsquo;Afrique a aussi grand besoin d&rsquo;\u00e9nergie pour mener \u00e0 bonne fin ses efforts de d\u00e9veloppement. Pour cela, elle dispose de potentialit\u00e9s consid\u00e9rables en mati\u00e8re d&rsquo;\u00e9nergies renouvelables, qu&rsquo;il convient de mobiliser pour r\u00e9aliser son d\u00e9veloppement durable.<\/p>\n<p>A cet \u00e9gard, l&rsquo;id\u00e9e d&rsquo;un projet d\u00e9di\u00e9 au d\u00e9veloppement des \u00e9nergies renouvelables en Afrique tire sa pertinence des riches opportunit\u00e9s que l&rsquo;Afrique atlantique offre dans le domaine des \u00e9nergies \u00e9olienne et solaire.<\/p>\n<p>Toute aussi judicieuse est la n\u00e9cessit\u00e9 de mobiliser les leviers de la coop\u00e9ration interafricaine. L&rsquo;histoire nous enseigne que l&rsquo;interd\u00e9pendance \u00e9conomique, politique et sociale est une condition essentielle pour l&rsquo;\u00e9mergence. C&rsquo;est pourquoi le Maroc est conscient qu&rsquo;un d\u00e9veloppement en \u00eelots est vou\u00e9 \u00e0 l&rsquo;\u00e9chec.<\/p>\n<p>Excellences, Mesdames et Messieurs,<\/p>\n<p>Le Maroc fait de l&rsquo;Afrique une des priorit\u00e9s strat\u00e9giques de sa politique ext\u00e9rieure. Ce choix puise ses fondements dans l&rsquo;appartenance g\u00e9ographique du Maroc au continent et dans son histoire mill\u00e9naire qui a profond\u00e9ment fa\u00e7onn\u00e9 son identit\u00e9 et sa culture africaines. C&rsquo;est ainsi que le Royaume est tout naturellement confort\u00e9 dans sa vocation africaine en tant que p\u00f4le de stabilit\u00e9, de d\u00e9veloppement r\u00e9gional et de rayonnement culturel et civilisationnel.<\/p>\n<p>Notre volont\u00e9 de renforcer la coop\u00e9ration avec les pays africains fr\u00e8res est remarquablement illustr\u00e9e par les visites successives que Nous avons effectu\u00e9es dans plusieurs pays du continent, et qui ont permis la r\u00e9alisation de projets concrets et la conclusion de multiples accords de coop\u00e9ration touchant plusieurs domaines.<\/p>\n<p>Le Royaume du Maroc qui a toujours rejet\u00e9 la logique de \u00ab\u00a0l&rsquo;afro-pessimisme\u00a0\u00bb, pr\u00f4ne et d\u00e9fend une action solidaire, d\u00e9termin\u00e9e et volontariste pour l&rsquo;\u00e9mergence d&rsquo;une \u00ab\u00a0nouvelle Afrique\u00a0\u00bb. Celle-ci, nous l&rsquo;appellerons toujours de tous nos v\u0153ux et mobiliserons r\u00e9solument nos efforts pour y parvenir.<\/p>\n<p>La politique africaine du Maroc s&rsquo;appuie ainsi sur une d\u00e9marche globale, int\u00e9gr\u00e9e et inclusive visant \u00e0 promouvoir la paix et la stabilit\u00e9, \u00e0 favoriser le d\u00e9veloppement humain durable et \u00e0 pr\u00e9server l&rsquo;identit\u00e9 culturelle et spirituelle des populations, dans le respect des valeurs universelles des droits humains.<\/p>\n<p>L&rsquo;originalit\u00e9 de cette politique r\u00e9side \u00e9galement dans le fait qu&rsquo;elle n&rsquo;est plus l&rsquo;apanage exclusif du gouvernement ou des acteurs institutionnels. Elle est, bien au contraire, de plus en plus assum\u00e9e et prise en charge par les op\u00e9rateurs \u00e9conomiques priv\u00e9s, et int\u00e8gre les acteurs de la soci\u00e9t\u00e9 civile.<\/p>\n<p>A cet \u00e9gard, l&rsquo;action du Maroc vise \u00e0 soutenir les pays africains fr\u00e8res dans les efforts consentis pour b\u00e2tir des \u00e9conomies solides, par le transfert des savoir-faire, la formation des ressources humaines, l&rsquo;investissement dans les secteurs cl\u00e9 de l&rsquo;\u00e9conomie et la mutualisation des ressources.<\/p>\n<p>Par ailleurs, au regard de l&rsquo;importance des sous ensembles r\u00e9gionaux, le Maroc ne cesse d&rsquo;appeler en faveur de la relance de l&rsquo;Union du Maghreb Arabe qui f\u00eate cette ann\u00e9e son 26\u00e8me anniversaire. Le Royaume joue \u00e9galement un r\u00f4le tr\u00e8s actif, en tant que membre du CEN-SAD, dont le prochain Sommet aura lieu sur le sol marocain, et poursuit son rapprochement fructueux avec plusieurs autres organisations r\u00e9gionales de l&rsquo;Afrique de l&rsquo;Ouest et de l&rsquo;Afrique Centrale.<\/p>\n<p>Excellences, Mesdames et Messieurs,<\/p>\n<p>Nous nous r\u00e9jouissons des initiatives de votre Forum visant \u00e0 promouvoir la coop\u00e9ration entre les pays africains de la fa\u00e7ade atlantique. A cet \u00e9gard, la cr\u00e9ation, \u00e0 l&rsquo;occasion de cette rencontre du Club de l&rsquo;Afrique atlantique proc\u00e8de d&rsquo;une volont\u00e9 partag\u00e9e de soutenir le d\u00e9veloppement et l&rsquo;int\u00e9gration r\u00e9gionale du continent africain et de favoriser son ouverture sur sa fa\u00e7ade atlantique.<\/p>\n<p>En effet, pendant longtemps, cette dimension importante de l&rsquo;action panafricaine a \u00e9t\u00e9 n\u00e9glig\u00e9e, alors que, loin d&rsquo;\u00eatre un obstacle, l&rsquo;Atlantique constitue un facteur favorable au d\u00e9veloppement et une passerelle pour l&rsquo;ouverture, l&rsquo;interaction et l&rsquo;int\u00e9gration entre les diff\u00e9rents pays africains riverains.<\/p>\n<p>Autre initiative \u00e0 saluer, la cr\u00e9ation du Forum de la femme africaine qui va permettre aux participantes de disposer d&rsquo;un espace de d\u00e9bat et d&rsquo;\u00e9changes. C&rsquo;est \u00e9galement une occasion propice pour plaider en faveur d&rsquo;un exercice plein et entier par les femmes africaines de leurs droits, et pour les inciter \u00e0 contribuer activement aux efforts de d\u00e9veloppement de leurs pays respectifs. Car notre continent a besoin de mutualiser toutes ses \u00e9nergies et de f\u00e9d\u00e9rer toutes ses forces pour atteindre les objectifs souhait\u00e9s.<\/p>\n<p>A cet \u00e9gard, Nous avons constamment attach\u00e9 une importance capitale \u00e0 la promotion de la condition de la femme, en appuyant sa participation aux diff\u00e9rents domaines politiques, \u00e9conomiques, sociaux et culturels. Dans ce cadre, Nous \u0153uvrons \u00e0 la r\u00e9alisation de la parit\u00e9 entre les citoyennes et les citoyens, consacr\u00e9e par la Constitution du Royaume.<\/p>\n<p>Excellences, Mesdames et Messieurs,<\/p>\n<p>Pour conclure, Nous rendons hommage au Forum Crans Montana et \u00e0 son Pr\u00e9sident, M. Jean-Paul Carteron, qui ont consacr\u00e9 la th\u00e9matique de leurs assises annuelles \u00e0 l&rsquo;Afrique et aux Africains. Nous les f\u00e9licitons pour l&rsquo;action constante et assidue qu&rsquo;ils m\u00e8nent depuis plus de trois d\u00e9cennies en faveur du rapprochement et de la coexistence entre les cultures et les civilisations.<\/p>\n<p>Le Forum Crans Montana trouvera constamment aupr\u00e8s du Royaume du Maroc l&rsquo;appui n\u00e9cessaire pour conf\u00e9rer \u00e0 son action encore plus de rayonnement, au service des justes causes de la paix et du d\u00e9veloppement.<\/p>\n<p>Nous saluons \u00e9galement I&rsquo;ISESCO et son Directeur g\u00e9n\u00e9ral, Son Excellence Dr Abdulaziz Othman Altwaijri, pour leur concours actif \u00e0 l&rsquo;organisation de cette importante manifestation et pour leurs efforts louables afin d&rsquo;assurer les conditions de son succ\u00e8s.<\/p>\n<p>Nous Souhaitons plein succ\u00e8s \u00e0 vos travaux et vous renouvelons Nos v\u0153ux d&rsquo;un agr\u00e9able s\u00e9jour dans votre deuxi\u00e8me pays, le Maroc.<\/p>\n<p>Wassalamou alaikoum warahmatoullahi wabarkatouh.(MAP).<\/p>\n","protected":false},"excerpt":{"rendered":"<p>Dakhla, 13 mars 2015 (MAP) &#8211; SM le Roi Mohammed VI a adress\u00e9, vendredi, un message aux participants au Forum<\/p>\n","protected":false},"author":2,"featured_media":861,"comment_status":"closed","ping_status":"closed","sticky":false,"template":"","format":"standard","meta":{"footnotes":""},"categories":[3,62,5,8],"tags":[],"class_list":["post-1458","post","type-post","status-publish","format-standard","has-post-thumbnail","hentry","category-accueil","category-afrique","category-maghreb-news","category-provinces-du-sud"],"_links":{"self":[{"href":"https:\/\/anatem.info\/index.php?rest_route=\/wp\/v2\/posts\/1458","targetHints":{"allow":["GET"]}}],"collection":[{"href":"https:\/\/anatem.info\/index.php?rest_route=\/wp\/v2\/posts"}],"about":[{"href":"https:\/\/anatem.info\/index.php?rest_route=\/wp\/v2\/types\/post"}],"author":[{"embeddable":true,"href":"https:\/\/anatem.info\/index.php?rest_route=\/wp\/v2\/users\/2"}],"replies":[{"embeddable":true,"href":"https:\/\/anatem.info\/index.php?rest_route=%2Fwp%2Fv2%2Fcomments&post=1458"}],"version-history":[{"count":1,"href":"https:\/\/anatem.info\/index.php?rest_route=\/wp\/v2\/posts\/1458\/revisions"}],"predecessor-version":[{"id":1459,"href":"https:\/\/anatem.info\/index.php?rest_route=\/wp\/v2\/posts\/1458\/revisions\/1459"}],"wp:featuredmedia":[{"embeddable":true,"href":"https:\/\/anatem.info\/index.php?rest_route=\/wp\/v2\/media\/861"}],"wp:attachment":[{"href":"https:\/\/anatem.info\/index.php?rest_route=%2Fwp%2Fv2%2Fmedia&parent=1458"}],"wp:term":[{"taxonomy":"category","embeddable":true,"href":"https:\/\/anatem.info\/index.php?rest_route=%2Fwp%2Fv2%2Fcategories&post=1458"},{"taxonomy":"post_tag","embeddable":true,"href":"https:\/\/anatem.info\/index.php?rest_route=%2Fwp%2Fv2%2Ftags&post=1458"}],"curies":[{"name":"wp","href":"https:\/\/api.w.org\/{rel}","templated":true}]}}