{"id":1476,"date":"2015-03-21T10:10:26","date_gmt":"2015-03-21T10:10:26","guid":{"rendered":"http:\/\/anatem.info\/?p=1476"},"modified":"2015-03-21T10:13:23","modified_gmt":"2015-03-21T10:13:23","slug":"lesprit-de-dakhla-valeur-dantidote-lextremisme-en-afrique-ecrivain-franco-italien","status":"publish","type":"post","link":"https:\/\/anatem.info\/?p=1476","title":{"rendered":"L\u2019esprit de Dakhla a valeur d\u2019antidote \u00e0 l\u2019extr\u00e9misme en Afrique (\u00e9crivain franco-italien)"},"content":{"rendered":"<p>Gen\u00e8ve \u2013 L\u2019esprit de Dakhla tel qu\u2019il a triomph\u00e9 lors de la session du Forum Crans Montana (FCM) a valeur d\u2019antidote \u00e0 l\u2019extr\u00e9misme aveugle qui frappe la Tunisie et l\u2019Afrique, a estim\u00e9 le c\u00e9l\u00e8bre \u00e9crivain et journaliste franco-italien, Salvatore Lombardo.<\/p>\n<p>\u201cCe Forum organis\u00e9 en terre marocaine est un signal lanc\u00e9 \u00e0 tous ceux qui imaginent pouvoir encore g\u00e9rer le pr\u00e9sent avec les outils et les mentalit\u00e9s d\u2019hier\u201d, \u00e9crit Lomabardo dans un article reproduit sur le site du FCM.<\/p>\n<p>Reporter engag\u00e9 en faveur des causes du tiers-monde, le fondateur de la revue \u201cArt Sud\u201d consid\u00e8re qu\u2019\u201d\u00e0 l\u2019heure o\u00f9 la Tunisie subit de plein fouet les attaques terroristes jihadistes, les trois journ\u00e9es de Dakhla ont valeur d\u2019antidote\u201d.<\/p>\n<p>Loin d\u2019\u00eatre une manifestation internationale de plus, un rendez-vous mondain ou pseudo-capitaliste, cette \u00e9dition extraordinaire du Forum Crans Montana aura apport\u00e9 \u00e0 l\u2019Afrique et ses amis ce vent nouveau qui d\u00e9fait les hypocrisies et les l\u00e2chet\u00e9s, poursuit-il.<\/p>\n","protected":false},"excerpt":{"rendered":"<p>Gen\u00e8ve \u2013 L\u2019esprit de Dakhla tel qu\u2019il a triomph\u00e9 lors de la session du Forum Crans Montana (FCM) a valeur<\/p>\n","protected":false},"author":2,"featured_media":1461,"comment_status":"closed","ping_status":"closed","sticky":false,"template":"","format":"standard","meta":{"footnotes":""},"categories":[3,62,8],"tags":[],"class_list":["post-1476","post","type-post","status-publish","format-standard","has-post-thumbnail","hentry","category-accueil","category-afrique","category-provinces-du-sud"],"_links":{"self":[{"href":"https:\/\/anatem.info\/index.php?rest_route=\/wp\/v2\/posts\/1476","targetHints":{"allow":["GET"]}}],"collection":[{"href":"https:\/\/anatem.info\/index.php?rest_route=\/wp\/v2\/posts"}],"about":[{"href":"https:\/\/anatem.info\/index.php?rest_route=\/wp\/v2\/types\/post"}],"author":[{"embeddable":true,"href":"https:\/\/anatem.info\/index.php?rest_route=\/wp\/v2\/users\/2"}],"replies":[{"embeddable":true,"href":"https:\/\/anatem.info\/index.php?rest_route=%2Fwp%2Fv2%2Fcomments&post=1476"}],"version-history":[{"count":1,"href":"https:\/\/anatem.info\/index.php?rest_route=\/wp\/v2\/posts\/1476\/revisions"}],"predecessor-version":[{"id":1477,"href":"https:\/\/anatem.info\/index.php?rest_route=\/wp\/v2\/posts\/1476\/revisions\/1477"}],"wp:featuredmedia":[{"embeddable":true,"href":"https:\/\/anatem.info\/index.php?rest_route=\/wp\/v2\/media\/1461"}],"wp:attachment":[{"href":"https:\/\/anatem.info\/index.php?rest_route=%2Fwp%2Fv2%2Fmedia&parent=1476"}],"wp:term":[{"taxonomy":"category","embeddable":true,"href":"https:\/\/anatem.info\/index.php?rest_route=%2Fwp%2Fv2%2Fcategories&post=1476"},{"taxonomy":"post_tag","embeddable":true,"href":"https:\/\/anatem.info\/index.php?rest_route=%2Fwp%2Fv2%2Ftags&post=1476"}],"curies":[{"name":"wp","href":"https:\/\/api.w.org\/{rel}","templated":true}]}}