{"id":1479,"date":"2015-03-27T12:08:22","date_gmt":"2015-03-27T12:08:22","guid":{"rendered":"http:\/\/anatem.info\/?p=1479"},"modified":"2015-03-27T12:08:22","modified_gmt":"2015-03-27T12:08:22","slug":"les-parties-au-conflit-parlent-dun-rapprochement-et-de-progres-positifs-dans-les-negociations","status":"publish","type":"post","link":"https:\/\/anatem.info\/?p=1479","title":{"rendered":"Les parties au conflit parlent d\u2019un \u201crapprochement\u201d et de \u201cprogr\u00e8s positifs \u201cdans les n\u00e9gociations"},"content":{"rendered":"<p>Les parties libyennes prenant part aux n\u00e9gociations politiques de Skhirate, visant \u00e0 trouver une solution politique \u00e0 la crise en Libye, ont \u00e9t\u00e9 unanimes \u00e0 souligner, jeudi \u00e0 Skhirate, l\u2019existence d\u2019un \u201c rapprochement \u201c dans les positions et de \u201c progr\u00e8s positifs \u201c dans ces pourparlers, qui se d\u00e9roulent sous les auspices de l\u2019ONU.<br \/>\nDans des d\u00e9clarations \u00e0 la presse au terme d\u2019une rencontre avec le repr\u00e9sentant sp\u00e9cial du secr\u00e9taire g\u00e9n\u00e9ral de l\u2019ONU pour la Libye, l\u2019Espagnol, Bernardino Leon, des repr\u00e9sentants des diff\u00e9rentes parties ont indiqu\u00e9 que les discussions se trouvent \u00e0 un stade tr\u00e8s avanc\u00e9, un \u201c quasi accord \u201c sur les questions \u00e0 l\u2019ordre du jour, notamment les arrangements politiques et le gouvernement d\u2019unit\u00e9 nationale.<\/p>\n<p>Selon Abou Bakr Baera, membre du parlement internationalement reconnu dit \u201cparlement de Tobrouk\u201d et de la commission de dialogue, ces progr\u00e8s interviennent \u00e0 la faveur des derni\u00e8res propositions faites mardi par l\u2019ONU en vue d\u2019une solution globale \u00e0 la crise politique et au conflit arm\u00e9 en Libye, notant qu\u201don est devant un quasi accord<\/p>\n","protected":false},"excerpt":{"rendered":"<p>Les parties libyennes prenant part aux n\u00e9gociations politiques de Skhirate, visant \u00e0 trouver une solution politique \u00e0 la crise en<\/p>\n","protected":false},"author":2,"featured_media":0,"comment_status":"closed","ping_status":"closed","sticky":false,"template":"","format":"standard","meta":{"footnotes":""},"categories":[3,62,5,7],"tags":[],"class_list":["post-1479","post","type-post","status-publish","format-standard","hentry","category-accueil","category-afrique","category-maghreb-news","category-presse-marocaine"],"_links":{"self":[{"href":"https:\/\/anatem.info\/index.php?rest_route=\/wp\/v2\/posts\/1479","targetHints":{"allow":["GET"]}}],"collection":[{"href":"https:\/\/anatem.info\/index.php?rest_route=\/wp\/v2\/posts"}],"about":[{"href":"https:\/\/anatem.info\/index.php?rest_route=\/wp\/v2\/types\/post"}],"author":[{"embeddable":true,"href":"https:\/\/anatem.info\/index.php?rest_route=\/wp\/v2\/users\/2"}],"replies":[{"embeddable":true,"href":"https:\/\/anatem.info\/index.php?rest_route=%2Fwp%2Fv2%2Fcomments&post=1479"}],"version-history":[{"count":1,"href":"https:\/\/anatem.info\/index.php?rest_route=\/wp\/v2\/posts\/1479\/revisions"}],"predecessor-version":[{"id":1480,"href":"https:\/\/anatem.info\/index.php?rest_route=\/wp\/v2\/posts\/1479\/revisions\/1480"}],"wp:attachment":[{"href":"https:\/\/anatem.info\/index.php?rest_route=%2Fwp%2Fv2%2Fmedia&parent=1479"}],"wp:term":[{"taxonomy":"category","embeddable":true,"href":"https:\/\/anatem.info\/index.php?rest_route=%2Fwp%2Fv2%2Fcategories&post=1479"},{"taxonomy":"post_tag","embeddable":true,"href":"https:\/\/anatem.info\/index.php?rest_route=%2Fwp%2Fv2%2Ftags&post=1479"}],"curies":[{"name":"wp","href":"https:\/\/api.w.org\/{rel}","templated":true}]}}