{"id":1485,"date":"2015-03-30T13:27:35","date_gmt":"2015-03-30T13:27:35","guid":{"rendered":"http:\/\/anatem.info\/?p=1485"},"modified":"2015-03-30T13:27:35","modified_gmt":"2015-03-30T13:27:35","slug":"communique-de-lunion-des-mosquees-de-france","status":"publish","type":"post","link":"https:\/\/anatem.info\/?p=1485","title":{"rendered":"Communiqu\u00e9 de l&rsquo;Union des Mosqu\u00e9es de France"},"content":{"rendered":"<p>La question de la formation des imams, objet de nombreuses d\u00e9clarations volontaristes de la part des responsables musulmans comme des pouvoirs publics, a fini progressivement par s\u2019imposer comme l\u2019un des d\u00e9fis majeurs que doivent relever les musulmans de France.<\/p>\n<p>Dans le cadre de leurs pr\u00e9rogatives, les pouvoirs publics ont propos\u00e9 d\u00e8s 2005 et entendent les consolider dans les prochains jours, des formations centr\u00e9es sur le droit, l\u2019histoire et la sociologie en compl\u00e9ment aux divers cursus th\u00e9ologiques port\u00e9s par des instituts musulmans priv\u00e9s. Ces derniers, par manque de moyens et de ressources humaines comp\u00e9tentes, ne parviennent pas \u00e0 r\u00e9pondre \u00e0 tous les besoins en la mati\u00e8re.<\/p>\n<p>L\u2019UMF, a obtenu le 30 juillet 2014 suite \u00e0 sa demande, raccord de Sa Majest\u00e9 le Roi Mohammed VI, d\u2019accueillir une cinquantaine d\u2019\u00e9tudiants fran\u00e7ais par an pour une formation d\u2019une dur\u00e9e moyenne de trois ans. Une premi\u00e8re promotion de 22 \u00e9tudiants, venant de diff\u00e9rentes r\u00e9gions de France, est d\u2019ores et d\u00e9j\u00e0 sur place. Les 28 autres \u00e9tudiants les rejoindront en septembre 2015.<\/p>\n<p>L\u2019Union des Mosqu\u00e9es de France saisit cette occasion pour exprimer toute sa reconnaissance et sa gratitude \u00e0 Sa Majest\u00e9 le Roi Mohammed VI qui, en prenant en charge la formation de futurs imams fran\u00e7ais, offre une opportunit\u00e9 inestimable aux musulmans de France.<\/p>\n<p>L\u2019Union des Mosqu\u00e9es de France (UMF), sollicit\u00e9e par de nombreuses mosqu\u00e9es d\u00e9sireuses de recruter des imams fran\u00e7ais, a fait le choix murement r\u00e9fl\u00e9chi de solliciter un partenariat avec le Minist\u00e8re des Habous et des Affaires Islamiques du royaume du Maroc pour permettre \u00e0 des jeunes fran\u00e7ais de suivre une formation th\u00e9ologique d\u2019un haut niveau universitaire au sein de l\u2019institut Mohammed VI de formation des Imams pr\u00e9dicateurs et des pr\u00e9dicatrices \u00e0 Rabat.<\/p>\n<p>Cet institut, inaugur\u00e9 par Sa Majest\u00e9 le Roi Mohammed VI, ce vendredi 27 mars 2015, accueillera des centaines d\u2019\u00e9tudiants venant de diff\u00e9rents continents et dispensera des \u00ab formations \u00e0 la carte\u00bb des cadres religieux, tenant compte des besoins et des exigences des contextes des diff\u00e9rents pays dont sont originaires les \u00e9tudiants.<\/p>\n<p>L\u2019UMF, a par ailleurs sollicit\u00e9 les pouvoirs publics fran\u00e7ais pour accompagner cette initiative et permettre \u00e0 ces \u00e9tudiants fran\u00e7ais de b\u00e9n\u00e9ficier d\u2019une formation compl\u00e9mentaire centr\u00e9e sur la sociologie des religions en France, du droit des cultes et de la La\u00efcit\u00e9.<\/p>\n<p>Les candidats ayant suivi avec succ\u00e8s les deux formations rejoindront leur lieu d\u2019affectation en France, pr\u00e9alablement d\u00e9fini, via une convention tripartite entre l\u2019Union des Mosqu\u00e9es de France, le candidat et l\u2019association gestionnaire de la mosqu\u00e9e d\u2019affectation.<\/p>\n<p>Par ailleurs, I\u2019UMF souhaite faire profiter \u00e9galement les futurs imams des fili\u00e8res d\u2019excellence dans le domaine des sciences humaines et sociales de l\u2019islam que le gouvernement fran\u00e7ais compte d\u00e9velopper au sein de certaines universit\u00e9s fran\u00e7aises.<\/p>\n","protected":false},"excerpt":{"rendered":"<p>La question de la formation des imams, objet de nombreuses d\u00e9clarations volontaristes de la part des responsables musulmans comme des<\/p>\n","protected":false},"author":2,"featured_media":0,"comment_status":"closed","ping_status":"closed","sticky":false,"template":"","format":"standard","meta":{"footnotes":""},"categories":[3,62,5],"tags":[],"class_list":["post-1485","post","type-post","status-publish","format-standard","hentry","category-accueil","category-afrique","category-maghreb-news"],"_links":{"self":[{"href":"https:\/\/anatem.info\/index.php?rest_route=\/wp\/v2\/posts\/1485","targetHints":{"allow":["GET"]}}],"collection":[{"href":"https:\/\/anatem.info\/index.php?rest_route=\/wp\/v2\/posts"}],"about":[{"href":"https:\/\/anatem.info\/index.php?rest_route=\/wp\/v2\/types\/post"}],"author":[{"embeddable":true,"href":"https:\/\/anatem.info\/index.php?rest_route=\/wp\/v2\/users\/2"}],"replies":[{"embeddable":true,"href":"https:\/\/anatem.info\/index.php?rest_route=%2Fwp%2Fv2%2Fcomments&post=1485"}],"version-history":[{"count":1,"href":"https:\/\/anatem.info\/index.php?rest_route=\/wp\/v2\/posts\/1485\/revisions"}],"predecessor-version":[{"id":1486,"href":"https:\/\/anatem.info\/index.php?rest_route=\/wp\/v2\/posts\/1485\/revisions\/1486"}],"wp:attachment":[{"href":"https:\/\/anatem.info\/index.php?rest_route=%2Fwp%2Fv2%2Fmedia&parent=1485"}],"wp:term":[{"taxonomy":"category","embeddable":true,"href":"https:\/\/anatem.info\/index.php?rest_route=%2Fwp%2Fv2%2Fcategories&post=1485"},{"taxonomy":"post_tag","embeddable":true,"href":"https:\/\/anatem.info\/index.php?rest_route=%2Fwp%2Fv2%2Ftags&post=1485"}],"curies":[{"name":"wp","href":"https:\/\/api.w.org\/{rel}","templated":true}]}}