{"id":1497,"date":"2015-05-06T10:08:04","date_gmt":"2015-05-06T10:08:04","guid":{"rendered":"http:\/\/anatem.info\/?p=1497"},"modified":"2015-05-06T10:08:24","modified_gmt":"2015-05-06T10:08:24","slug":"le-parlement-europeen-met-fin-au-detournement-par-lalgerie-et-de-ses-affides-de-laide-humanitaire-destinee-aux-camps-de-tindouf","status":"publish","type":"post","link":"https:\/\/anatem.info\/?p=1497","title":{"rendered":"Le Parlement europ\u00e9en met fin au d\u00e9tournement par l&rsquo;Alg\u00e9rie et de ses affid\u00e9s de l&rsquo;aide humanitaire destin\u00e9e aux camps de Tindouf"},"content":{"rendered":"<p>Le Parlement europ\u00e9en, r\u00e9uni en pl\u00e9ni\u00e8re \u00e0 Strasbourg, a appel\u00e9, le 29 avril 2015, \u00e0 une r\u00e9\u00e9valuation de l&rsquo;aide de l&rsquo;Union et son adaptation aux besoins r\u00e9els des camps de Tindouf, ainsi qu&rsquo;au recensement des populations des camps, mettant ainsi fin aux supercheries de l&rsquo;Alg\u00e9rie et ses prot\u00e9g\u00e9s du Polisario, d\u00e9masqu\u00e9s par le rapport d&rsquo;enqu\u00eate de l&rsquo;Office europ\u00e9en de la lutte anti-fraude (OLAF) qui a r\u00e9v\u00e9l\u00e9 des d\u00e9tournements massifs et organis\u00e9s de l&rsquo;aide humanitaire internationale aux d\u00e9triments des populations s\u00e9questr\u00e9es.<\/p>\n<p>Dans une r\u00e9solution sur la base d&rsquo;un rapport concernant la d\u00e9charge sur l&rsquo;ex\u00e9cution du budget g\u00e9n\u00e9ral de l&rsquo;UE pour l&rsquo;exercice 2013, le Parlement, qui a pris acte des r\u00e9sultats du rapport de l&rsquo;OLAF relatif aux d\u00e9tournements, a demand\u00e9 \u00e0 la Commission europ\u00e9enne \u00ab\u00a0de fournir des \u00e9claircissements sur les mesures prises en r\u00e9ponse aux conclusions de ce rapport\u00a0\u00bb, la pressant de veiller \u00e0 ce que les responsables alg\u00e9riens et ceux du Polisario incrimin\u00e9s par ledit rapport \u00ab\u00a0n&rsquo;aient plus acc\u00e8s \u00e0 l&rsquo;aide financ\u00e9e par les contribuables europ\u00e9ens\u00a0\u00bb.<\/p>\n<p>Le Parlement europ\u00e9en s&rsquo;est \u00e9galement inqui\u00e9t\u00e9 de l&rsquo;absence d&rsquo;un recensement de la population des camps de Tindouf, dans le sud-ouest du territoire alg\u00e9rien, \u00ab\u00a0pendant une p\u00e9riode aussi prolong\u00e9e (pr\u00e8s de trente ans apr\u00e8s leur arriv\u00e9e)\u00a0\u00bb, soulignant qu&rsquo;il s&rsquo;agit l\u00e0 d&rsquo;une \u00ab\u00a0situation anormale et unique dans les annales du Haut-Commissariat aux R\u00e9fugi\u00e9s (HCR) des Nations unies\u00a0\u00bb.<\/p>\n<p>Dans une d\u00e9claration , M. Alem Menouar, ambassadeur du Maroc aupr\u00e8s de l&rsquo;Union europ\u00e9enne, s&rsquo;est f\u00e9licit\u00e9 du vote du Parlement europ\u00e9en qui, avec raison et sagesse, s&rsquo;est align\u00e9 sur le vote de la Commission de contr\u00f4le budg\u00e9taire, en condamnant ces d\u00e9tournements massifs et syst\u00e9matiques et demandant que les responsables incrimin\u00e9s dans cette vaste entreprise mafieuse n&rsquo;aient plus acc\u00e8s \u00e0 l&rsquo;aide destin\u00e9e \u00e0 nos fr\u00e8res s\u00e9questr\u00e9s dans les camps.<\/p>\n<p>M. Alem a salu\u00e9 d&rsquo;autre part la demande formul\u00e9e par le Parlement europ\u00e9en concernant l&rsquo;enregistrement et le recensement des populations des camps de Tindouf, en rappelant que la derni\u00e8re r\u00e9solution du Conseil de s\u00e9curit\u00e9 des Nations unies a r\u00e9it\u00e9r\u00e9 son appel \u00e0 l&rsquo;Alg\u00e9rie \u00e0 d\u00e9ployer des efforts pour faciliter le recensement et l&rsquo;enregistrement des populations des camps de Tindouf, conform\u00e9ment \u00e0 ses obligations internationales.<\/p>\n<p>La nouvelle r\u00e9solution du Parlement europ\u00e9en vient conforter l&rsquo;appel, lanc\u00e9 la veille par l&rsquo;Association des contribuables d&rsquo;Europe (Taxpayers Association of Europe) afin que l&rsquo;Union europ\u00e9enne s&rsquo;assure que l&rsquo;aide humanitaire, accord\u00e9e aux populations des camps de Tindouf et financ\u00e9e par le contribuable europ\u00e9en, ne fera plus l&rsquo;objet de d\u00e9tournements par les responsables alg\u00e9riens et les dirigeants du Polisario.<\/p>\n<p>L&rsquo;appel de l&rsquo;Association europ\u00e9enne s&rsquo;est appuy\u00e9 sur le rapport qui a \u00e9t\u00e9 r\u00e9alis\u00e9 par l&rsquo;OLAF en 2007 mais n&rsquo;a pu \u00eatre rendu public qu&rsquo;en janvier dernier suite \u00e0 l&rsquo;intervention du M\u00e9diateur europ\u00e9en.<\/p>\n<p>Le pr\u00e9sident de l&rsquo;Association, Rolf von Hohenhau, s&rsquo;est interrog\u00e9 sur les raisons qui ont fait que ce rapport de l&rsquo;OLAF ait \u00e9t\u00e9 pass\u00e9 sous silence pendant toutes ces ann\u00e9es, en relevant que la Commissaire europ\u00e9enne en charge du budget, n&rsquo;a pas donn\u00e9, jusqu&rsquo;\u00e0 pr\u00e9sent, aux eurod\u00e9put\u00e9s des r\u00e9ponses satisfaisantes concernant leurs interrogations \u00e0 ce sujet.<\/p>\n<p>Il s&rsquo;est \u00e9galement demand\u00e9 si l&rsquo;ex\u00e9cutif europ\u00e9en a la capacit\u00e9 de s&rsquo;assurer que les responsables de ces fraudes n&rsquo;aient plus acc\u00e8s aux moyens de l&rsquo;UE.<br \/>\n(MAP 29\/04\/2015)<\/p>\n","protected":false},"excerpt":{"rendered":"<p>Le Parlement europ\u00e9en, r\u00e9uni en pl\u00e9ni\u00e8re \u00e0 Strasbourg, a appel\u00e9, le 29 avril 2015, \u00e0 une r\u00e9\u00e9valuation de l&rsquo;aide de<\/p>\n","protected":false},"author":2,"featured_media":0,"comment_status":"closed","ping_status":"closed","sticky":false,"template":"","format":"standard","meta":{"footnotes":""},"categories":[3,62,7,8],"tags":[],"class_list":["post-1497","post","type-post","status-publish","format-standard","hentry","category-accueil","category-afrique","category-presse-marocaine","category-provinces-du-sud"],"_links":{"self":[{"href":"https:\/\/anatem.info\/index.php?rest_route=\/wp\/v2\/posts\/1497","targetHints":{"allow":["GET"]}}],"collection":[{"href":"https:\/\/anatem.info\/index.php?rest_route=\/wp\/v2\/posts"}],"about":[{"href":"https:\/\/anatem.info\/index.php?rest_route=\/wp\/v2\/types\/post"}],"author":[{"embeddable":true,"href":"https:\/\/anatem.info\/index.php?rest_route=\/wp\/v2\/users\/2"}],"replies":[{"embeddable":true,"href":"https:\/\/anatem.info\/index.php?rest_route=%2Fwp%2Fv2%2Fcomments&post=1497"}],"version-history":[{"count":2,"href":"https:\/\/anatem.info\/index.php?rest_route=\/wp\/v2\/posts\/1497\/revisions"}],"predecessor-version":[{"id":1500,"href":"https:\/\/anatem.info\/index.php?rest_route=\/wp\/v2\/posts\/1497\/revisions\/1500"}],"wp:attachment":[{"href":"https:\/\/anatem.info\/index.php?rest_route=%2Fwp%2Fv2%2Fmedia&parent=1497"}],"wp:term":[{"taxonomy":"category","embeddable":true,"href":"https:\/\/anatem.info\/index.php?rest_route=%2Fwp%2Fv2%2Fcategories&post=1497"},{"taxonomy":"post_tag","embeddable":true,"href":"https:\/\/anatem.info\/index.php?rest_route=%2Fwp%2Fv2%2Ftags&post=1497"}],"curies":[{"name":"wp","href":"https:\/\/api.w.org\/{rel}","templated":true}]}}