{"id":1501,"date":"2015-05-06T10:19:38","date_gmt":"2015-05-06T10:19:38","guid":{"rendered":"http:\/\/anatem.info\/?p=1501"},"modified":"2015-05-06T10:19:38","modified_gmt":"2015-05-06T10:19:38","slug":"le-president-de-la-chambre-des-representants-de-belgique-salue-levolution-sereine-et-sure-du-maroc-la-faveur-des-reformes-entreprises-par-sm-le-roi-moham","status":"publish","type":"post","link":"https:\/\/anatem.info\/?p=1501","title":{"rendered":"Le Pr\u00e9sident de la chambre des repr\u00e9sentants de Belgique salue l\u2019\u00e9volution \u2018\u2019sereine et s\u00fbre\u2019\u2019 du Maroc \u00e0 la faveur des r\u00e9formes entreprises par SM le Roi Mohammed VI"},"content":{"rendered":"<p style=\"text-align: justify;\"><a href=\"http:\/\/anatem.info\/wp-content\/uploads\/2015\/05\/index.jpg\"><img fetchpriority=\"high\" decoding=\"async\" class=\" size-full wp-image-1502 alignleft\" src=\"http:\/\/anatem.info\/wp-content\/uploads\/2015\/05\/index.jpg\" alt=\"index\" width=\"292\" height=\"172\" \/><\/a>Bruxelles, 05 mai 2015 (MAP) &#8211; Le pr\u00e9sident de la chambre des repr\u00e9sentants de Belgique Siegfried Bracke a salu\u00e9, mardi, l\u2019\u00e9volution \u2018\u2019sereine et s\u00fbre\u2019\u2019 que connait le Maroc \u00e0 la faveur des r\u00e9formes entreprises sous la conduite de SM le Roi Mohammed VI.<\/p>\n<p style=\"text-align: justify;\">\u2018\u2019Je suis tr\u00e8s impressionn\u00e9 par le changement qui s\u2019op\u00e8re au Maroc et par les r\u00e9formes d\u00e9mocratiques engag\u00e9es depuis l\u2019intronisation de SM le Roi Mohammed VI\u2019\u2019, a d\u00e9clar\u00e9 M. Bracke \u00e0 la MAP, \u00e0 l\u2019issue d\u2019une rencontre avec une d\u00e9l\u00e9gation parlementaire marocaine en visite en Belgique. L\u2019\u00e9volution positive que connait le Maroc renforce le climat de stabilit\u00e9 et de coh\u00e9sion voulu par la soci\u00e9t\u00e9 marocaine, a-t-il ajout\u00e9, notant que dans le contexte du Printemps arabe le peuple marocain et la classe politique marocaine \u00e9taient conscients que la stabilit\u00e9 rev\u00eat une importance premi\u00e8re et fondamentale. SM le Roi Mohammed VI a jou\u00e9 pleinement son r\u00f4le \u00e0 cet effet et lanc\u00e9 un processus de r\u00e9formes qui \u2018\u2019vise \u00e0 la fois le changement et la promotion du d\u00e9veloppement \u00e9conomique et social du pays\u2019\u2019, a soulign\u00e9 M. Bracke, relevant que de ces multiples r\u00e9formes, \u00a0\u00bbil parait clairement que le Maroc va dans la bonne direction\u2019\u2019. Par ailleurs, le pr\u00e9sident de la Chambre des repr\u00e9sentants de Belgique a indiqu\u00e9 avoir eu une discussion int\u00e9ressante avec la d\u00e9l\u00e9gation parlementaire marocaine sur les relations bilat\u00e9rales, faisant observer que Maroc et la Belgique entretiennent des liens forts et solides eu \u00e9gard notamment \u00e0 la pr\u00e9sence dans le plat pays d\u2019une importante communaut\u00e9 marocaine. C\u2019est une relation tout \u00e0 fait particuli\u00e8re qui a commenc\u00e9 dans les ann\u00e9es soixante avec la signature par les deux Royaumes d\u2019une convention bilat\u00e9rale sur le recrutement de la main d\u2019\u0153uvre marocaine en Belgique, a-t-il dit.<\/p>\n<p style=\"text-align: justify;\">Les premiers migrants marocains ont contribu\u00e9 d\u2019une mani\u00e8re remarquable au d\u00e9veloppement \u00e9conomique de la Belgique, s\u2019est-il f\u00e9licit\u00e9, reconnaissant au passage que son pays a commis certaines erreurs en ce qui concerne sa capacit\u00e9 \u00e0 int\u00e9grer les migrants venus du Maroc.<\/p>\n<p style=\"text-align: justify;\">Aujourd\u2019hui, il faut mettre en relief les nombreux exemples de r\u00e9ussite au sein de la communaut\u00e9 marocaine en Belgique pour donner l\u2019exemple aux g\u00e9n\u00e9rations montantes, a-t-il insist\u00e9.<\/p>\n<p style=\"text-align: justify;\">Une d\u00e9l\u00e9gation parlementaire marocaine compos\u00e9e de membres du groupe d\u2019amiti\u00e9 Maroc-Belgique \u00e0 la chambre des repr\u00e9sentants a entam\u00e9 lundi une visite de travail de trois jours en Belgique destin\u00e9e \u00e0 renforcer la coop\u00e9ration entre les institutions parlementaires des deux pays.<\/p>\n","protected":false},"excerpt":{"rendered":"<p>Bruxelles, 05 mai 2015 (MAP) &#8211; Le pr\u00e9sident de la chambre des repr\u00e9sentants de Belgique Siegfried Bracke a salu\u00e9, mardi,<\/p>\n","protected":false},"author":2,"featured_media":1502,"comment_status":"closed","ping_status":"closed","sticky":false,"template":"","format":"standard","meta":{"footnotes":""},"categories":[3,62,5,7],"tags":[],"class_list":["post-1501","post","type-post","status-publish","format-standard","has-post-thumbnail","hentry","category-accueil","category-afrique","category-maghreb-news","category-presse-marocaine"],"_links":{"self":[{"href":"https:\/\/anatem.info\/index.php?rest_route=\/wp\/v2\/posts\/1501","targetHints":{"allow":["GET"]}}],"collection":[{"href":"https:\/\/anatem.info\/index.php?rest_route=\/wp\/v2\/posts"}],"about":[{"href":"https:\/\/anatem.info\/index.php?rest_route=\/wp\/v2\/types\/post"}],"author":[{"embeddable":true,"href":"https:\/\/anatem.info\/index.php?rest_route=\/wp\/v2\/users\/2"}],"replies":[{"embeddable":true,"href":"https:\/\/anatem.info\/index.php?rest_route=%2Fwp%2Fv2%2Fcomments&post=1501"}],"version-history":[{"count":1,"href":"https:\/\/anatem.info\/index.php?rest_route=\/wp\/v2\/posts\/1501\/revisions"}],"predecessor-version":[{"id":1503,"href":"https:\/\/anatem.info\/index.php?rest_route=\/wp\/v2\/posts\/1501\/revisions\/1503"}],"wp:featuredmedia":[{"embeddable":true,"href":"https:\/\/anatem.info\/index.php?rest_route=\/wp\/v2\/media\/1502"}],"wp:attachment":[{"href":"https:\/\/anatem.info\/index.php?rest_route=%2Fwp%2Fv2%2Fmedia&parent=1501"}],"wp:term":[{"taxonomy":"category","embeddable":true,"href":"https:\/\/anatem.info\/index.php?rest_route=%2Fwp%2Fv2%2Fcategories&post=1501"},{"taxonomy":"post_tag","embeddable":true,"href":"https:\/\/anatem.info\/index.php?rest_route=%2Fwp%2Fv2%2Ftags&post=1501"}],"curies":[{"name":"wp","href":"https:\/\/api.w.org\/{rel}","templated":true}]}}