{"id":1522,"date":"2015-05-24T03:16:58","date_gmt":"2015-05-24T03:16:58","guid":{"rendered":"http:\/\/anatem.info\/?p=1522"},"modified":"2015-05-24T03:16:58","modified_gmt":"2015-05-24T03:16:58","slug":"younes-tssouli-qui-declare-avoir-subi-des-maltraitances-et-des-agressions-sexuelles-pendant-son-incarceration-en-gb-sera-soumis-une-expertise-medicale-procureur-general","status":"publish","type":"post","link":"https:\/\/anatem.info\/?p=1522","title":{"rendered":"Younes Tssouli, qui a d\u00e9clar\u00e9 avoir subi des maltraitances et des agressions sexuelles pendant son incarc\u00e9ration en GB, sera soumis \u00e0 une expertise m\u00e9dicale (Procureur G\u00e9n\u00e9ral)"},"content":{"rendered":"<p>Rabat, 22 mai 2015 (MAP) &#8211; Le ressortissant marocain Younes Tssouli, refoul\u00e9 de Grande Bretagne et interpell\u00e9 le 21 mai 2015 par la police \u00e0 Rabat, a affirm\u00e9 avoir subi des maltraitances et des agressions sexuelles pendant son incarc\u00e9ration dans ce pays o\u00f9 il purgeait une peine de r\u00e9clusion criminelle pour terrorisme, indique le 22 mai 2015 un communiqu\u00e9 du Procureur G\u00e9n\u00e9ral pr\u00e8s la Cour d\u2019Appel de Rabat, qui annonce que l\u2019int\u00e9ress\u00e9 sera soumis \u00e0 une expertise m\u00e9dicale pour v\u00e9rification du bien fond\u00e9 de ses accusations.<\/p>\n<p>Younes Tssouli, refoul\u00e9 le 20 mai 2015 et qui a mis intentionnellement le feu au domicile de ses parents, a \u00e9t\u00e9 interpell\u00e9 jeudi soir par la police, rappelle la m\u00eame source, pr\u00e9cisant qu\u2019au moment de son interpellation, l\u2019int\u00e9ress\u00e9 se trouvait sur le balcon d\u2019un appartement, domicile du Consul G\u00e9n\u00e9ral de Grande Bretagne \u00e0 Rabat, auquel il a pu acc\u00e9der \u00e0 partir de l\u2019immeuble o\u00f9 habitent ses parents.<\/p>\n<p>Au cours de son interpellation, Tssouli a d\u00e9clar\u00e9 \u00e0 la police avoir subi des maltraitances et des agressions sexuelles pendant son incarc\u00e9ration en Grande Bretagne o\u00f9 il purgeait une peine de r\u00e9clusion criminelle pour faits de terrorisme, souligne le communiqu\u00e9, relevant que ces d\u00e9clarations ont \u00e9t\u00e9 confirm\u00e9es par l\u2019int\u00e9ress\u00e9 lors de son audition par la police judiciaire, conform\u00e9ment aux instructions du parquet.<\/p>\n<p>Le Procureur G\u00e9n\u00e9ral pr\u00e8s la Cour d\u2019Appel de Rabat, Moulay Hassan Daki, annonce que Younes Tssouli sera soumis \u00e0 une expertise m\u00e9dicale pour v\u00e9rification du bien fond\u00e9 de ces accusations. Si celles-ci se confirment, une instruction judiciaire sera ouverte et transmise \u00e0 la justice britannique pour enqu\u00eate, conclut le communiqu\u00e9. (MAP)<\/p>\n","protected":false},"excerpt":{"rendered":"<p>Rabat, 22 mai 2015 (MAP) &#8211; Le ressortissant marocain Younes Tssouli, refoul\u00e9 de Grande Bretagne et interpell\u00e9 le 21 mai<\/p>\n","protected":false},"author":2,"featured_media":0,"comment_status":"closed","ping_status":"closed","sticky":false,"template":"","format":"standard","meta":{"footnotes":""},"categories":[3,5,7],"tags":[],"class_list":["post-1522","post","type-post","status-publish","format-standard","hentry","category-accueil","category-maghreb-news","category-presse-marocaine"],"_links":{"self":[{"href":"https:\/\/anatem.info\/index.php?rest_route=\/wp\/v2\/posts\/1522","targetHints":{"allow":["GET"]}}],"collection":[{"href":"https:\/\/anatem.info\/index.php?rest_route=\/wp\/v2\/posts"}],"about":[{"href":"https:\/\/anatem.info\/index.php?rest_route=\/wp\/v2\/types\/post"}],"author":[{"embeddable":true,"href":"https:\/\/anatem.info\/index.php?rest_route=\/wp\/v2\/users\/2"}],"replies":[{"embeddable":true,"href":"https:\/\/anatem.info\/index.php?rest_route=%2Fwp%2Fv2%2Fcomments&post=1522"}],"version-history":[{"count":1,"href":"https:\/\/anatem.info\/index.php?rest_route=\/wp\/v2\/posts\/1522\/revisions"}],"predecessor-version":[{"id":1523,"href":"https:\/\/anatem.info\/index.php?rest_route=\/wp\/v2\/posts\/1522\/revisions\/1523"}],"wp:attachment":[{"href":"https:\/\/anatem.info\/index.php?rest_route=%2Fwp%2Fv2%2Fmedia&parent=1522"}],"wp:term":[{"taxonomy":"category","embeddable":true,"href":"https:\/\/anatem.info\/index.php?rest_route=%2Fwp%2Fv2%2Fcategories&post=1522"},{"taxonomy":"post_tag","embeddable":true,"href":"https:\/\/anatem.info\/index.php?rest_route=%2Fwp%2Fv2%2Ftags&post=1522"}],"curies":[{"name":"wp","href":"https:\/\/api.w.org\/{rel}","templated":true}]}}