{"id":1526,"date":"2015-05-25T11:41:06","date_gmt":"2015-05-25T11:41:06","guid":{"rendered":"http:\/\/anatem.info\/?p=1526"},"modified":"2015-05-25T11:41:06","modified_gmt":"2015-05-25T11:41:06","slug":"sm-le-roi-mohammed-vi-un-vrai-promoteur-dun-nouveau-panafricanisme-solidaire-journaliste-espagnol","status":"publish","type":"post","link":"https:\/\/anatem.info\/?p=1526","title":{"rendered":"SM le Roi Mohammed VI, un \u00ab\u00a0vrai promoteur d&rsquo;un nouveau panafricanisme  solidaire\u00a0\u00bb (journaliste espagnol)"},"content":{"rendered":"<p style=\"text-align: justify;\">Madrid, 24 mai 2015 (MAP) &#8211; Sa Majest\u00e9 le Roi Mohammed VI est un \u00ab\u00a0vrai promoteur d&rsquo;un nouveau panafricanisme solidaire\u00a0\u00bb \u00e0 travers une politique \u00ab\u00a0clairvoyante et une vision du futur\u00a0\u00bb en faveur du d\u00e9veloppement et de la prosp\u00e9rit\u00e9 du continent africain, souligne le journaliste espagnol Ramon Moreno Castilla.<\/p>\n<p style=\"text-align: justify;\">SM le Roi un \u00ab\u00a0grand homme d&rsquo;Etat\u00a0\u00bb qui a fait part depuis Son intronisation en 1999 de Sa \u00ab\u00a0ferme volont\u00e9\u00a0\u00bb de d\u00e9velopper les relations du Maroc avec les pays africains et ce \u00e0 travers plusieurs initiatives, \u00e9crit Ramon Moreno dans un article publi\u00e9 dans le magazine espagnol \u00ab\u00a0Atalayar entre dos orillas\u00a0\u00bb sous le titre \u00ab\u00a0Le Maroc, locomotive de l&rsquo;Afrique\u00a0\u00bb.<\/p>\n<p style=\"text-align: justify;\">Le Souverain \u00ab\u00a0s&rsquo;est engag\u00e9 personnellement \u00e0 promouvoir des solutions cr\u00e9dibles et s\u00e9rieuses aux diff\u00e9rents conflits en Afrique comme c&rsquo;est le cas au Mali\u00a0\u00bb, indique l&rsquo;auteur de l&rsquo;article, mettant en exergue \u00ab\u00a0la politique ferme du Maroc pour la paix et la prosp\u00e9rit\u00e9\u00a0\u00bb dans ce continent.<\/p>\n<p style=\"text-align: justify;\">Cette politique s&rsquo;inscrit dans le cadre des \u00ab\u00a0efforts constants du Souverain visant \u00e0 instaurer la paix et la stabilit\u00e9 durable\u00a0\u00bb en Afrique, ajoute Ramon Moreno, \u00e9galement \u00e9crivain et expert en politique maghr\u00e9bine, relevant que la nouvelle tourn\u00e9e africaine de SM le Roi Mohammed VI traduit la volont\u00e9 et l&rsquo;int\u00e9r\u00eat du Maroc de donner un \u00ab\u00a0nouvel \u00e9lan\u00a0\u00bb \u00e0 ses relations \u00e9conomiques et d&rsquo;amiti\u00e9 avec les pays africains.<\/p>\n<p style=\"text-align: justify;\">\u00ab\u00a0Cette tourn\u00e9e constitue une action renouvel\u00e9e de la coop\u00e9ration solidaire avec ces pays africains\u00a0\u00bb, a-t-il not\u00e9, soulignant que le Maroc est un exemple de \u00ab\u00a0stabilit\u00e9 politique et religieuse\u00a0\u00bb dans un continent \u00ab\u00a0agit\u00e9\u00a0\u00bb.<\/p>\n<p style=\"text-align: justify;\">Le journalise espagnol met \u00e9galement en avant la \u00ab\u00a0solidarit\u00e9 du Maroc avec les diff\u00e9rents pays africains fr\u00e8res \u00e0 travers des missions de l&rsquo;ONU pour la pacification, l&rsquo;aide aux r\u00e9fugi\u00e9s et la lutte contre la famine en Afrique\u00a0\u00bb, faisant observer que \u00ab\u00a0le Maroc est un exemple clair et \u00e9difiant de la solidarit\u00e9 dans ses relations avec les pays africains\u00a0\u00bb.(MAP).<\/p>\n","protected":false},"excerpt":{"rendered":"<p>Madrid, 24 mai 2015 (MAP) &#8211; Sa Majest\u00e9 le Roi Mohammed VI est un \u00ab\u00a0vrai promoteur d&rsquo;un nouveau panafricanisme solidaire\u00a0\u00bb<\/p>\n","protected":false},"author":2,"featured_media":0,"comment_status":"closed","ping_status":"closed","sticky":false,"template":"","format":"standard","meta":{"footnotes":""},"categories":[3,62,5,7],"tags":[],"class_list":["post-1526","post","type-post","status-publish","format-standard","hentry","category-accueil","category-afrique","category-maghreb-news","category-presse-marocaine"],"_links":{"self":[{"href":"https:\/\/anatem.info\/index.php?rest_route=\/wp\/v2\/posts\/1526","targetHints":{"allow":["GET"]}}],"collection":[{"href":"https:\/\/anatem.info\/index.php?rest_route=\/wp\/v2\/posts"}],"about":[{"href":"https:\/\/anatem.info\/index.php?rest_route=\/wp\/v2\/types\/post"}],"author":[{"embeddable":true,"href":"https:\/\/anatem.info\/index.php?rest_route=\/wp\/v2\/users\/2"}],"replies":[{"embeddable":true,"href":"https:\/\/anatem.info\/index.php?rest_route=%2Fwp%2Fv2%2Fcomments&post=1526"}],"version-history":[{"count":1,"href":"https:\/\/anatem.info\/index.php?rest_route=\/wp\/v2\/posts\/1526\/revisions"}],"predecessor-version":[{"id":1527,"href":"https:\/\/anatem.info\/index.php?rest_route=\/wp\/v2\/posts\/1526\/revisions\/1527"}],"wp:attachment":[{"href":"https:\/\/anatem.info\/index.php?rest_route=%2Fwp%2Fv2%2Fmedia&parent=1526"}],"wp:term":[{"taxonomy":"category","embeddable":true,"href":"https:\/\/anatem.info\/index.php?rest_route=%2Fwp%2Fv2%2Fcategories&post=1526"},{"taxonomy":"post_tag","embeddable":true,"href":"https:\/\/anatem.info\/index.php?rest_route=%2Fwp%2Fv2%2Ftags&post=1526"}],"curies":[{"name":"wp","href":"https:\/\/api.w.org\/{rel}","templated":true}]}}